{"id":9467,"date":"2021-08-03T18:06:52","date_gmt":"2021-08-03T18:06:52","guid":{"rendered":"http:\/\/staging.ibermusicas.org\/?p=9467"},"modified":"2021-09-01T17:15:09","modified_gmt":"2021-09-01T17:15:09","slug":"entre-argentina-y-ecuador-el-duo-abasto-base-presento-el-primer-adelanto-de-su-disco-debut","status":"publish","type":"post","link":"http:\/\/staging.ibermusicas.org\/index.php\/entre-argentina-y-ecuador-el-duo-abasto-base-presento-el-primer-adelanto-de-su-disco-debut\/","title":{"rendered":"Entre Argentina y Ecuador, el d\u00fao ABASTO BASE present\u00f3 el primer adelanto de su disco debut"},"content":{"rendered":"<p>El d\u00fao conformado por el compositor y cantante rosarino Jos\u00e9 Ianniello y el guitarrista y arreglador porte\u00f1o Adri\u00e1n Steinsleger, lanz\u00f3 \u201cHablo Solo\u201d, single adelanto de lo que ser\u00e1 su \u00e1lbum debut a editarse durante este a\u00f1o.<\/p>\n<p>Abasto Base es la singular uni\u00f3n de dos m\u00fasicos argentinos que desarrollaron una gran amistad y distintas colaboraciones musicales en la Ciudad de Buenos Aires hasta el a\u00f1o 2010, pero que desde hace una d\u00e9cada residen uno en Rosario (Argentina), y otro en Cumbay\u00e1 (Ecuador) a m\u00e1s de 5000 kil\u00f3metros de distancia.<\/p>\n<p>El d\u00fao toma el tango en guitarras como punto de partida, y aumenta y diversifica su propuesta hacia g\u00e9neros lindantes como la milonga o el vals, o en otros casos, m\u00fasicas m\u00e1s lejanas, como el bolero o el chamam\u00e9, que se integran naturalmente a la propuesta desde los arreglos y la composici\u00f3n.<\/p>\n<p>\u201cHablo Solo\u201d, el tema adelanto, es una canci\u00f3n con ritmo de bolero de Jos\u00e9 Ianniello, que reflexiona sobre la relaci\u00f3n con uno mismo, el encierro, la virtualidad y las sensaciones que la pandemia y sus diferentes instancias de cuarentena amplificaron en cada persona.<\/p>\n<p>Adri\u00e1n Steinsleger desarroll\u00f3 e interpret\u00f3 arreglos para cuarteto de guitarr\u00f3n, dos guitarras y requinto, m\u00e1s los agregados del reconocido m\u00fasico Christian Basso (La Portuaria, Sexteto Irreal) en bajo el\u00e9ctrico y la talentosa Victoria Virgolini (China Loop Set) en percusi\u00f3n.<\/p>\n<p>Ver video en:<a href=\"https:\/\/lt.mydplr.com\/52af780433d231fba159f608069c6a03-81868bec073b3970fa62af291f12b42d\" target=\"_blank\" rel=\"noopener\" data-saferedirecturl=\"https:\/\/www.google.com\/url?hl=es&amp;q=https:\/\/lt.mydplr.com\/52af780433d231fba159f608069c6a03-81868bec073b3970fa62af291f12b42d&amp;source=gmail&amp;ust=1628096042068000&amp;usg=AFQjCNHGfHkWAhqDteR7YbdAJRVEeSgQGA\">\u00a0Youtube.com<\/a><\/p>\n","protected":false},"excerpt":{"rendered":"<p>El d\u00fao conformado por el compositor y cantante rosarino Jos\u00e9 Ianniello y el guitarrista y arreglador porte\u00f1o Adri\u00e1n Steinsleger, lanz\u00f3 \u201cHablo Solo\u201d, single adelanto de lo que ser\u00e1 su \u00e1lbum debut a editarse durante este a\u00f1o. Abasto Base es la singular uni\u00f3n de dos m\u00fasicos argentinos que desarrollaron una gran amistad y distintas colaboraciones musicales [&hellip;]<\/p>\n","protected":false},"author":1,"featured_media":9468,"comment_status":"closed","ping_status":"closed","sticky":false,"template":"","format":"standard","meta":{"footnotes":""},"categories":[53],"tags":[],"class_list":["post-9467","post","type-post","status-publish","format-standard","has-post-thumbnail","hentry","category-noticias-generales"],"lang":"es","translations":{"es":9467,"pt":9470},"pll_sync_post":[],"post_mailing_queue_ids":[],"_links":{"self":[{"href":"http:\/\/staging.ibermusicas.org\/index.php\/wp-json\/wp\/v2\/posts\/9467","targetHints":{"allow":["GET"]}}],"collection":[{"href":"http:\/\/staging.ibermusicas.org\/index.php\/wp-json\/wp\/v2\/posts"}],"about":[{"href":"http:\/\/staging.ibermusicas.org\/index.php\/wp-json\/wp\/v2\/types\/post"}],"author":[{"embeddable":true,"href":"http:\/\/staging.ibermusicas.org\/index.php\/wp-json\/wp\/v2\/users\/1"}],"replies":[{"embeddable":true,"href":"http:\/\/staging.ibermusicas.org\/index.php\/wp-json\/wp\/v2\/comments?post=9467"}],"version-history":[{"count":1,"href":"http:\/\/staging.ibermusicas.org\/index.php\/wp-json\/wp\/v2\/posts\/9467\/revisions"}],"predecessor-version":[{"id":9469,"href":"http:\/\/staging.ibermusicas.org\/index.php\/wp-json\/wp\/v2\/posts\/9467\/revisions\/9469"}],"wp:featuredmedia":[{"embeddable":true,"href":"http:\/\/staging.ibermusicas.org\/index.php\/wp-json\/wp\/v2\/media\/9468"}],"wp:attachment":[{"href":"http:\/\/staging.ibermusicas.org\/index.php\/wp-json\/wp\/v2\/media?parent=9467"}],"wp:term":[{"taxonomy":"category","embeddable":true,"href":"http:\/\/staging.ibermusicas.org\/index.php\/wp-json\/wp\/v2\/categories?post=9467"},{"taxonomy":"post_tag","embeddable":true,"href":"http:\/\/staging.ibermusicas.org\/index.php\/wp-json\/wp\/v2\/tags?post=9467"}],"curies":[{"name":"wp","href":"https:\/\/api.w.org\/{rel}","templated":true}]}}