{"id":9470,"date":"2021-08-03T18:08:53","date_gmt":"2021-08-03T18:08:53","guid":{"rendered":"http:\/\/staging.ibermusicas.org\/?p=9470"},"modified":"2021-09-01T17:18:06","modified_gmt":"2021-09-01T17:18:06","slug":"entre-argentina-e-equador-a-dupla-abasto-base-apresentou-a-primeira-previa-de-seu-album-de-estreia","status":"publish","type":"post","link":"http:\/\/staging.ibermusicas.org\/index.php\/entre-argentina-e-equador-a-dupla-abasto-base-apresentou-a-primeira-previa-de-seu-album-de-estreia\/","title":{"rendered":"Entre Argentina e Equador, a dupla Abasto Base apresentou a primeira pr\u00e9via de seu \u00e1lbum de estreia"},"content":{"rendered":"<p>A dupla formada pelo compositor e cantor da cidade de Rosario, Jos\u00e9 Ianniello e pelo violonista e arranjador de Buenos Aires, Adri\u00e1n Steinsleger lan\u00e7ou \u201cHablo Solo\u201d, uma pr\u00e9via do que ser\u00e1 seu primeiro \u00e1lbum a ser lan\u00e7ado este ano.<\/p>\n<p>Abasto Base \u00e9 a uni\u00e3o \u00fanica de dois m\u00fasicos argentinos que desenvolveram uma grande amizade e diferentes colabora\u00e7\u00f5es musicais na cidade de Buenos Aires at\u00e9 2010, mas que por uma d\u00e9cada viveram uma em Ros\u00e1rio (Argentina), e outra em Cumbay\u00e1 (Equador) a mais de 5.000 quil\u00f4metros de dist\u00e2ncia.<\/p>\n<p>A dupla parte do tango ao viol\u00e3o e amplia e diversifica sua proposta para g\u00eaneros vizinhos como a milonga ou a valsa, ou em outros casos, m\u00fasicas mais distantes, como o bolero ou o chamam\u00e9, que se integram naturalmente na proposta dos arranjos e composi\u00e7\u00e3o.<\/p>\n<p>\u201cHablo Solo\u201d, a can\u00e7\u00e3o avan\u00e7ada, \u00e9 uma can\u00e7\u00e3o com ritmo de bolero de Jos\u00e9 Ianniello, que reflete sobre a rela\u00e7\u00e3o consigo mesmo, o confinamento, a virtualidade e as sensa\u00e7\u00f5es que a pandemia e suas diferentes inst\u00e2ncias de quarentena amplificaram em cada pessoa.<\/p>\n<p>Adri\u00e1n Steinsleger desenvolveu e executou arranjos para quarteto de duas guitarras, uma guitarra baixo e um requinto, al\u00e9m de acr\u00e9scimos do renomado m\u00fasico Christian Basso (La Portuaria, Sexteto Irreal) no baixo el\u00e9trico e da talentosa Victoria Virgolini (China Loop Set) na percuss\u00e3o.<\/p>\n<p>Ver video em:<a href=\"https:\/\/lt.mydplr.com\/52af780433d231fba159f608069c6a03-81868bec073b3970fa62af291f12b42d\" target=\"_blank\" rel=\"noopener\" data-saferedirecturl=\"https:\/\/www.google.com\/url?hl=es&amp;q=https:\/\/lt.mydplr.com\/52af780433d231fba159f608069c6a03-81868bec073b3970fa62af291f12b42d&amp;source=gmail&amp;ust=1628096042068000&amp;usg=AFQjCNHGfHkWAhqDteR7YbdAJRVEeSgQGA\">\u00a0Youtube.com<\/a><\/p>\n","protected":false},"excerpt":{"rendered":"<p>A dupla formada pelo compositor e cantor da cidade de Rosario, Jos\u00e9 Ianniello e pelo violonista e arranjador de Buenos Aires, Adri\u00e1n Steinsleger lan\u00e7ou \u201cHablo Solo\u201d, uma pr\u00e9via do que ser\u00e1 seu primeiro \u00e1lbum a ser lan\u00e7ado este ano. Abasto Base \u00e9 a uni\u00e3o \u00fanica de dois m\u00fasicos argentinos que desenvolveram uma grande amizade e [&hellip;]<\/p>\n","protected":false},"author":1,"featured_media":9468,"comment_status":"closed","ping_status":"closed","sticky":false,"template":"","format":"standard","meta":{"footnotes":""},"categories":[218],"tags":[],"class_list":["post-9470","post","type-post","status-publish","format-standard","has-post-thumbnail","hentry","category-noticias-generales-pt"],"lang":"pt","translations":{"pt":9470,"es":9467},"pll_sync_post":[],"post_mailing_queue_ids":[],"_links":{"self":[{"href":"http:\/\/staging.ibermusicas.org\/index.php\/wp-json\/wp\/v2\/posts\/9470","targetHints":{"allow":["GET"]}}],"collection":[{"href":"http:\/\/staging.ibermusicas.org\/index.php\/wp-json\/wp\/v2\/posts"}],"about":[{"href":"http:\/\/staging.ibermusicas.org\/index.php\/wp-json\/wp\/v2\/types\/post"}],"author":[{"embeddable":true,"href":"http:\/\/staging.ibermusicas.org\/index.php\/wp-json\/wp\/v2\/users\/1"}],"replies":[{"embeddable":true,"href":"http:\/\/staging.ibermusicas.org\/index.php\/wp-json\/wp\/v2\/comments?post=9470"}],"version-history":[{"count":1,"href":"http:\/\/staging.ibermusicas.org\/index.php\/wp-json\/wp\/v2\/posts\/9470\/revisions"}],"predecessor-version":[{"id":9471,"href":"http:\/\/staging.ibermusicas.org\/index.php\/wp-json\/wp\/v2\/posts\/9470\/revisions\/9471"}],"wp:featuredmedia":[{"embeddable":true,"href":"http:\/\/staging.ibermusicas.org\/index.php\/wp-json\/wp\/v2\/media\/9468"}],"wp:attachment":[{"href":"http:\/\/staging.ibermusicas.org\/index.php\/wp-json\/wp\/v2\/media?parent=9470"}],"wp:term":[{"taxonomy":"category","embeddable":true,"href":"http:\/\/staging.ibermusicas.org\/index.php\/wp-json\/wp\/v2\/categories?post=9470"},{"taxonomy":"post_tag","embeddable":true,"href":"http:\/\/staging.ibermusicas.org\/index.php\/wp-json\/wp\/v2\/tags?post=9470"}],"curies":[{"name":"wp","href":"https:\/\/api.w.org\/{rel}","templated":true}]}}