{"id":9472,"date":"2021-08-03T18:10:17","date_gmt":"2021-08-03T18:10:17","guid":{"rendered":"http:\/\/staging.ibermusicas.org\/?p=9472"},"modified":"2021-09-01T17:15:15","modified_gmt":"2021-09-01T17:15:15","slug":"como-parte-de-la-residencia-artistica-radicante-musica-con-raices-se-realizo-en-el-teatro-nacional-sucre-de-ecuador-el-concierto-radicante","status":"publish","type":"post","link":"http:\/\/staging.ibermusicas.org\/index.php\/como-parte-de-la-residencia-artistica-radicante-musica-con-raices-se-realizo-en-el-teatro-nacional-sucre-de-ecuador-el-concierto-radicante\/","title":{"rendered":"Como parte de la residencia art\u00edstica \u201cRadicante: M\u00fasica con ra\u00edces\u201d se realiz\u00f3 en el Teatro Nacional Sucre de Ecuador el Concierto Radicante"},"content":{"rendered":"<p>El Centro Cultural Cuevas del Ilal\u00f3 en colaboraci\u00f3n con la Fundaci\u00f3n Teatro Nacional Sucre de Quito, se han unido para realizar la primera residencia art\u00edstica \u201cRadicante: M\u00fasica con ra\u00edces\u201d, del 19 de julio al 1 de agosto del 2021.<\/p>\n<p>Esta residencia musical ha contado con la participaci\u00f3n de grandes artistas latinoamericanos en las monta\u00f1as del ombligo del mundo. Se trata de artistas que se han desarrollado a partir de las ra\u00edces sonoras latinoamericanas y que han contado con la oportunidad de encontrarse y vincularse con las ra\u00edces de la m\u00fasica del Ecuador.<\/p>\n<p>El t\u00e9rmino radicante viene de un concepto del arte contempor\u00e1neo que habla sobre artes que se enraizan pero son n\u00f3madas, o sea, que hacen ra\u00edz en el movimiento. Radicante es un t\u00e9rmino de la biolog\u00eda que se refiere a las plantas que no tienen una sola ra\u00edz para crecer sino que lo hacen en todas las direcciones que encuentran posibles. Esto habla m\u00e1gicamente de la necesidad de crecer hacia todos lados, desde una pulsi\u00f3n de movimiento intuitivo, pero generando continuos puntos de apoyo o enraizamiento, como nuevas referencias desde d\u00f3nde retomar el crecimiento. As\u00ed es la m\u00fasica y de eso se trata este encuentro.<\/p>\n<p>Como resultado de la residencia se realiz\u00f3 un concierto de cierre en el Teatro Nacional Sucre, con la participaci\u00f3n de 3 m\u00fasicos internacionales, 19 ecuatorianos y los integrantes de la Orquesta de Instrumentos Andinos. Estos artistas trabajaron de forma colaborativa para presentar un repertorio que se nutriera de las diversas sonoridades ecuatorianas. Los artistas internacionales a cargo de la direcci\u00f3n de los ensambles son: Nidia G\u00f3ngora de Colombia, Benjamim Taubkin de Brasil y Antonio Arnedo de Colombia.<\/p>\n<p>S\u00e1bado 31 de julio, 18 hs Teatro Nacional Sucre, Quito, Ecuador<\/p>\n","protected":false},"excerpt":{"rendered":"<p>El Centro Cultural Cuevas del Ilal\u00f3 en colaboraci\u00f3n con la Fundaci\u00f3n Teatro Nacional Sucre de Quito, se han unido para realizar la primera residencia art\u00edstica \u201cRadicante: M\u00fasica con ra\u00edces\u201d, del 19 de julio al 1 de agosto del 2021. Esta residencia musical ha contado con la participaci\u00f3n de grandes artistas latinoamericanos en las monta\u00f1as del [&hellip;]<\/p>\n","protected":false},"author":1,"featured_media":9473,"comment_status":"closed","ping_status":"closed","sticky":false,"template":"","format":"standard","meta":{"footnotes":""},"categories":[53],"tags":[],"class_list":["post-9472","post","type-post","status-publish","format-standard","has-post-thumbnail","hentry","category-noticias-generales"],"lang":"es","translations":{"es":9472,"pt":9475},"pll_sync_post":[],"post_mailing_queue_ids":[],"_links":{"self":[{"href":"http:\/\/staging.ibermusicas.org\/index.php\/wp-json\/wp\/v2\/posts\/9472","targetHints":{"allow":["GET"]}}],"collection":[{"href":"http:\/\/staging.ibermusicas.org\/index.php\/wp-json\/wp\/v2\/posts"}],"about":[{"href":"http:\/\/staging.ibermusicas.org\/index.php\/wp-json\/wp\/v2\/types\/post"}],"author":[{"embeddable":true,"href":"http:\/\/staging.ibermusicas.org\/index.php\/wp-json\/wp\/v2\/users\/1"}],"replies":[{"embeddable":true,"href":"http:\/\/staging.ibermusicas.org\/index.php\/wp-json\/wp\/v2\/comments?post=9472"}],"version-history":[{"count":1,"href":"http:\/\/staging.ibermusicas.org\/index.php\/wp-json\/wp\/v2\/posts\/9472\/revisions"}],"predecessor-version":[{"id":9474,"href":"http:\/\/staging.ibermusicas.org\/index.php\/wp-json\/wp\/v2\/posts\/9472\/revisions\/9474"}],"wp:featuredmedia":[{"embeddable":true,"href":"http:\/\/staging.ibermusicas.org\/index.php\/wp-json\/wp\/v2\/media\/9473"}],"wp:attachment":[{"href":"http:\/\/staging.ibermusicas.org\/index.php\/wp-json\/wp\/v2\/media?parent=9472"}],"wp:term":[{"taxonomy":"category","embeddable":true,"href":"http:\/\/staging.ibermusicas.org\/index.php\/wp-json\/wp\/v2\/categories?post=9472"},{"taxonomy":"post_tag","embeddable":true,"href":"http:\/\/staging.ibermusicas.org\/index.php\/wp-json\/wp\/v2\/tags?post=9472"}],"curies":[{"name":"wp","href":"https:\/\/api.w.org\/{rel}","templated":true}]}}