{"id":9475,"date":"2021-08-03T18:12:13","date_gmt":"2021-08-03T18:12:13","guid":{"rendered":"http:\/\/staging.ibermusicas.org\/?p=9475"},"modified":"2021-09-01T17:17:59","modified_gmt":"2021-09-01T17:17:59","slug":"no-ambito-da-residencia-artistica-radicante-musica-com-raizes-realizou-se-o-concerto-radicante-no-teatro-nacional-sucre-no-equador","status":"publish","type":"post","link":"http:\/\/staging.ibermusicas.org\/index.php\/no-ambito-da-residencia-artistica-radicante-musica-com-raizes-realizou-se-o-concerto-radicante-no-teatro-nacional-sucre-no-equador\/","title":{"rendered":"No \u00e2mbito da resid\u00eancia art\u00edstica \u00abRadicante: M\u00fasica com ra\u00edzes\u00bb, realizou-se o Concerto Radicante no Teatro Nacional Sucre, no Equador"},"content":{"rendered":"<p>O Centro Cultural Cuevas del Ilal\u00f3 em colabora\u00e7\u00e3o com a Funda\u00e7\u00e3o Nacional Sucre de Quito, se reuniu para realizar a primeira resid\u00eancia art\u00edstica \u00abRadicante: M\u00fasica com ra\u00edzes\u00bb, de 19 de julho a 1 de agosto de 2021.<\/p>\n<p>Esta resid\u00eancia musical teve a participa\u00e7\u00e3o de grandes artistas latino-americanos nas montanhas do umbigo do mundo. S\u00e3o artistas que se desenvolveram a partir das ra\u00edzes sonoras latino-americanas e que tiveram a oportunidade de conhecer e se conectar com as ra\u00edzes da m\u00fasica do Equador.<\/p>\n<p>O termo radicante vem de um conceito de arte contempor\u00e2nea que fala sobre artes enraizadas, mas n\u00f4mades, ou seja, que se enra\u00edzam no movimento. Radiante \u00e9 um termo da biologia que se refere a plantas que n\u00e3o t\u00eam uma \u00fanica raiz para crescer, mas em todas as dire\u00e7\u00f5es que consideram poss\u00edveis. Isso fala magicamente da necessidade de crescer em todas as dire\u00e7\u00f5es, desde um instinto de movimento intuitivo, mas gerando pontos cont\u00ednuos de suporte ou ra\u00edzes, como novas refer\u00eancias para retomar o crescimento. Isso \u00e9 m\u00fasica e \u00e9 disso que trata este encontro.<\/p>\n<p>Como resultado da resid\u00eancia, foi realizado um concerto de encerramento no Teatro Nacional Sucre, com a participa\u00e7\u00e3o de 3 m\u00fasicos internacionais, 19 equatorianos e membros da Orquesta de Instrumentos Andinos. Esses artistas trabalharam em colabora\u00e7\u00e3o para apresentar um repert\u00f3rio alimentado pelas diversas sonoridades equatorianas. Os artistas internacionais respons\u00e1veis pela dire\u00e7\u00e3o dos conjuntos s\u00e3o: Nidia G\u00f3ngora da Col\u00f4mbia, Benjamim Taubkin do Brasil e Antonio Arnedo da Col\u00f4mbia.<\/p>\n<p>S\u00e1bado, 31 de julho, 18h00 Teatro Nacional Sucre, Quito, Equador<\/p>\n","protected":false},"excerpt":{"rendered":"<p>O Centro Cultural Cuevas del Ilal\u00f3 em colabora\u00e7\u00e3o com a Funda\u00e7\u00e3o Nacional Sucre de Quito, se reuniu para realizar a primeira resid\u00eancia art\u00edstica \u00abRadicante: M\u00fasica com ra\u00edzes\u00bb, de 19 de julho a 1 de agosto de 2021. Esta resid\u00eancia musical teve a participa\u00e7\u00e3o de grandes artistas latino-americanos nas montanhas do umbigo do mundo. S\u00e3o artistas [&hellip;]<\/p>\n","protected":false},"author":1,"featured_media":9473,"comment_status":"closed","ping_status":"closed","sticky":false,"template":"","format":"standard","meta":{"footnotes":""},"categories":[218],"tags":[],"class_list":["post-9475","post","type-post","status-publish","format-standard","has-post-thumbnail","hentry","category-noticias-generales-pt"],"lang":"pt","translations":{"pt":9475,"es":9472},"pll_sync_post":[],"post_mailing_queue_ids":[],"_links":{"self":[{"href":"http:\/\/staging.ibermusicas.org\/index.php\/wp-json\/wp\/v2\/posts\/9475","targetHints":{"allow":["GET"]}}],"collection":[{"href":"http:\/\/staging.ibermusicas.org\/index.php\/wp-json\/wp\/v2\/posts"}],"about":[{"href":"http:\/\/staging.ibermusicas.org\/index.php\/wp-json\/wp\/v2\/types\/post"}],"author":[{"embeddable":true,"href":"http:\/\/staging.ibermusicas.org\/index.php\/wp-json\/wp\/v2\/users\/1"}],"replies":[{"embeddable":true,"href":"http:\/\/staging.ibermusicas.org\/index.php\/wp-json\/wp\/v2\/comments?post=9475"}],"version-history":[{"count":1,"href":"http:\/\/staging.ibermusicas.org\/index.php\/wp-json\/wp\/v2\/posts\/9475\/revisions"}],"predecessor-version":[{"id":9476,"href":"http:\/\/staging.ibermusicas.org\/index.php\/wp-json\/wp\/v2\/posts\/9475\/revisions\/9476"}],"wp:featuredmedia":[{"embeddable":true,"href":"http:\/\/staging.ibermusicas.org\/index.php\/wp-json\/wp\/v2\/media\/9473"}],"wp:attachment":[{"href":"http:\/\/staging.ibermusicas.org\/index.php\/wp-json\/wp\/v2\/media?parent=9475"}],"wp:term":[{"taxonomy":"category","embeddable":true,"href":"http:\/\/staging.ibermusicas.org\/index.php\/wp-json\/wp\/v2\/categories?post=9475"},{"taxonomy":"post_tag","embeddable":true,"href":"http:\/\/staging.ibermusicas.org\/index.php\/wp-json\/wp\/v2\/tags?post=9475"}],"curies":[{"name":"wp","href":"https:\/\/api.w.org\/{rel}","templated":true}]}}