{"id":9477,"date":"2021-08-03T18:13:44","date_gmt":"2021-08-03T18:13:44","guid":{"rendered":"http:\/\/staging.ibermusicas.org\/?p=9477"},"modified":"2021-09-01T17:15:03","modified_gmt":"2021-09-01T17:15:03","slug":"desde-panama-llega-el-primer-encuentro-latinoamericano-de-mujeres-en-la-industria-musical-2021","status":"publish","type":"post","link":"http:\/\/staging.ibermusicas.org\/index.php\/desde-panama-llega-el-primer-encuentro-latinoamericano-de-mujeres-en-la-industria-musical-2021\/","title":{"rendered":"Desde Panam\u00e1 llega el Primer Encuentro Latinoamericano de Mujeres en la Industria Musical 2021"},"content":{"rendered":"<p>M\u00e1s de 200 mujeres profesionales de la industria musical de 10 pa\u00edses del continente, participar\u00e1n del primer Encuentro Latinoamericano de Mujeres en la Industria Musical 2021, una programaci\u00f3n de charlas, talleres conversatorios, Networking y Playlist acerca de la industria musical latinoamericana, transmitidos en vivo y de acceso gratuito.<\/p>\n<p>Este Encuentro Latinoamericano de Mujeres en la Industria Musical, es gestionado y organizado por Atrapando Sue\u00f1os Art Media en colaboraci\u00f3n con Conectadas LATAM \u201cMovimiento de trabajadoras Culturales en Latinoam\u00e9rica\u201d. Se comp one de 12 conversatorios, 3 talleres, 4 charlas, 3 presentaciones de libros referente a la m\u00fasica y Networking, guiados por mujeres relevantes de la industria musical de Latinoam\u00e9rica.<\/p>\n<p>MIM LATAM contar\u00e1 con la participaci\u00f3n de las cantautoras Sara Curruchich (Guatemala), Ceshia Ubau (Nicaragua), Lorena Blume (Per\u00fa), Mariela Condo (Ecuador), Afrodisiaco (Panam\u00e1), adem\u00e1s de representantes de principales festivales de la industria musical como: FIMPRO, Circulart, IMESUR, Fluvial y Fundaci\u00f3n Danilo P\u00e9rez. Dentro de la programaci\u00f3n se har\u00e1 la presentaci\u00f3n del libro \u201cCantoras Todas, La generaci\u00f3n del siglo 21\u201d, entre otros libros escritos o representados por mujeres en la industria musical. Se impartir\u00e1n talleres como \u201cEl Manual del M\u00fasico independiente\u201d por Paola Matheu, \u201cCreaci\u00f3n de la Carpeta de Presentaci\u00f3n del Artista\u201d por Karina Juarez, as\u00ed como el taller \u201cPerformance Coaching para artistas\u201d por Monalisa Arias; adem\u00e1s de las charlas \u201cEstrategia de medios para un artista independiente\u201d impartido por Luly Rangel; \u201cEconom\u00edas Colaborativas\u201d por Su Obando; Tour &amp; Road Management por Mayumi Hasegawa y \u201cEl artista en acci\u00f3n, el branding en la m\u00fasica\u201d impartido por Yahaira Osiris.<\/p>\n<p>Del 15 de julio al 7 de agosto<br \/>\nInscripciones en\u00a0<a href=\"https:\/\/lt.mydplr.com\/57618aeb982b8c70836dac401f0d726e-81868bec073b3970fa62af291f12b42d\" target=\"_blank\" rel=\"noopener\" data-saferedirecturl=\"https:\/\/www.google.com\/url?hl=es&amp;q=https:\/\/lt.mydplr.com\/57618aeb982b8c70836dac401f0d726e-81868bec073b3970fa62af291f12b42d&amp;source=gmail&amp;ust=1628096042068000&amp;usg=AFQjCNHmklwzw0ATqAsPC8cduY6lTh4LSA\">mimlatam.atrapandosuenos.com<\/a><br \/>\n<a href=\"https:\/\/lt.mydplr.com\/ab273437ada96eaf33e4c81c2abb936f-81868bec073b3970fa62af291f12b42d\" target=\"_blank\" rel=\"noopener\" data-saferedirecturl=\"https:\/\/www.google.com\/url?hl=es&amp;q=https:\/\/lt.mydplr.com\/ab273437ada96eaf33e4c81c2abb936f-81868bec073b3970fa62af291f12b42d&amp;source=gmail&amp;ust=1628096042068000&amp;usg=AFQjCNGoLQPxs1P01-aKhYPITo3WnOw2yA\">Instagram.com<\/a><br \/>\n<a href=\"https:\/\/lt.mydplr.com\/8a48cd67eb7a94466823130809f3c15a-81868bec073b3970fa62af291f12b42d\" target=\"_blank\" rel=\"noopener\" data-saferedirecturl=\"https:\/\/www.google.com\/url?hl=es&amp;q=https:\/\/lt.mydplr.com\/8a48cd67eb7a94466823130809f3c15a-81868bec073b3970fa62af291f12b42d&amp;source=gmail&amp;ust=1628096042068000&amp;usg=AFQjCNHlEO-pquAlbsy7eboNuzITQMdkcg\">Twitter.com<\/a><br \/>\n<a href=\"https:\/\/lt.mydplr.com\/a2656a220e6d8fbd3acd6d4ecb2fb0f7-81868bec073b3970fa62af291f12b42d\" target=\"_blank\" rel=\"noopener\" data-saferedirecturl=\"https:\/\/www.google.com\/url?hl=es&amp;q=https:\/\/lt.mydplr.com\/a2656a220e6d8fbd3acd6d4ecb2fb0f7-81868bec073b3970fa62af291f12b42d&amp;source=gmail&amp;ust=1628096042068000&amp;usg=AFQjCNHX9fMin7CLW2JiMPiT3-UDQ_DdUw\">Facebook.com<\/a><\/p>\n","protected":false},"excerpt":{"rendered":"<p>M\u00e1s de 200 mujeres profesionales de la industria musical de 10 pa\u00edses del continente, participar\u00e1n del primer Encuentro Latinoamericano de Mujeres en la Industria Musical 2021, una programaci\u00f3n de charlas, talleres conversatorios, Networking y Playlist acerca de la industria musical latinoamericana, transmitidos en vivo y de acceso gratuito. Este Encuentro Latinoamericano de Mujeres en la [&hellip;]<\/p>\n","protected":false},"author":1,"featured_media":9478,"comment_status":"closed","ping_status":"closed","sticky":false,"template":"","format":"standard","meta":{"footnotes":""},"categories":[53],"tags":[],"class_list":["post-9477","post","type-post","status-publish","format-standard","has-post-thumbnail","hentry","category-noticias-generales"],"lang":"es","translations":{"es":9477,"pt":9480},"pll_sync_post":[],"post_mailing_queue_ids":[],"_links":{"self":[{"href":"http:\/\/staging.ibermusicas.org\/index.php\/wp-json\/wp\/v2\/posts\/9477","targetHints":{"allow":["GET"]}}],"collection":[{"href":"http:\/\/staging.ibermusicas.org\/index.php\/wp-json\/wp\/v2\/posts"}],"about":[{"href":"http:\/\/staging.ibermusicas.org\/index.php\/wp-json\/wp\/v2\/types\/post"}],"author":[{"embeddable":true,"href":"http:\/\/staging.ibermusicas.org\/index.php\/wp-json\/wp\/v2\/users\/1"}],"replies":[{"embeddable":true,"href":"http:\/\/staging.ibermusicas.org\/index.php\/wp-json\/wp\/v2\/comments?post=9477"}],"version-history":[{"count":1,"href":"http:\/\/staging.ibermusicas.org\/index.php\/wp-json\/wp\/v2\/posts\/9477\/revisions"}],"predecessor-version":[{"id":9479,"href":"http:\/\/staging.ibermusicas.org\/index.php\/wp-json\/wp\/v2\/posts\/9477\/revisions\/9479"}],"wp:featuredmedia":[{"embeddable":true,"href":"http:\/\/staging.ibermusicas.org\/index.php\/wp-json\/wp\/v2\/media\/9478"}],"wp:attachment":[{"href":"http:\/\/staging.ibermusicas.org\/index.php\/wp-json\/wp\/v2\/media?parent=9477"}],"wp:term":[{"taxonomy":"category","embeddable":true,"href":"http:\/\/staging.ibermusicas.org\/index.php\/wp-json\/wp\/v2\/categories?post=9477"},{"taxonomy":"post_tag","embeddable":true,"href":"http:\/\/staging.ibermusicas.org\/index.php\/wp-json\/wp\/v2\/tags?post=9477"}],"curies":[{"name":"wp","href":"https:\/\/api.w.org\/{rel}","templated":true}]}}