{"id":9480,"date":"2021-08-03T18:16:31","date_gmt":"2021-08-03T18:16:31","guid":{"rendered":"http:\/\/staging.ibermusicas.org\/?p=9480"},"modified":"2021-09-01T17:17:53","modified_gmt":"2021-09-01T17:17:53","slug":"do-panama-chega-o-primeiro-encontro-latino-americano-de-mulheres-na-industria-musical-2021","status":"publish","type":"post","link":"http:\/\/staging.ibermusicas.org\/index.php\/do-panama-chega-o-primeiro-encontro-latino-americano-de-mulheres-na-industria-musical-2021\/","title":{"rendered":"Do Panam\u00e1 chega o Primeiro Encontro Latino-americano de Mulheres na Ind\u00fastria Musical 2021"},"content":{"rendered":"<p>Mais de 200 mulheres profissionais da ind\u00fastria musical de 10 pa\u00edses do continente, participar\u00e3o do primeiro Encontro Latino-americano de Mulheres na Ind\u00fastria Musical 2021, uma programa\u00e7\u00e3o de palestras, oficinas de conversa\u00e7\u00e3o, Networking e Playlist sobre a ind\u00fastria musical latino-americana, transmitidos ao vivo e de acesso gratuito.<\/p>\n<p>Este Encontro Latino-americano de Mulheres na Ind\u00fastria Musical, \u00e9 gerido e organizado por Apanhando Sue\u00f1os Art Media em colabora\u00e7\u00e3o com Conectadas LATAM \u00abMovimento de Trabalhadoras Culturais na Am\u00e9rica Latina\u00bb. \u00c9 composta de 12 conversat\u00f3rios, 3 oficinas, 4 palestras, 3 apresenta\u00e7\u00f5es de livros referentes \u00e0 m\u00fasica e Networking, guiados por mulheres relevantes da ind\u00fastria musical da Am\u00e9rica Latina.<\/p>\n<p>A MIM LATAM contar\u00e1 com a participa\u00e7\u00e3o das cantoras Sara Curruchich (Guatemala), Ceshia Ubau (Nicar\u00e1gua), Lorena Blume (Peru), Mariela Condo (Equador), Afrodisiaco (Panam\u00e1), al\u00e9m de representantes dos principais festivais da ind\u00fastria musical como: FIMPRO, Circulart, IMESUR, Fluvial e Funda\u00e7\u00e3o Danilo P\u00e9rez. Dentro da programa\u00e7\u00e3o se far\u00e1 a apresenta\u00e7\u00e3o do livro \u00abCantoras Todas, A gera\u00e7\u00e3o do s\u00e9culo 21\u00bb, entre outros livros escritos ou representados por mulheres na ind\u00fastria musical. Oficinas ser\u00e3o ministradas como \u00abO Manual do M\u00fasico Independente\u00bb por Paola Matheu, \u00abCria\u00e7\u00e3o da Pasta de Apresenta\u00e7\u00e3o do Artista\u00bb por Karina Juarez, bem como o workshop \u00abPerformance Coaching para Artistas\u00bb por Monalisa Arias; al\u00e9m das palestras \u00abEstrat\u00e9gia de m\u00eddia para um artista independente\u00bb ministrado por Luly Rangel; \u00abEconomias Colaborativas\u00bb por Su Obando; Tour &amp; Road Management por Mayumi Hasegawa e \u00abO artista em a\u00e7\u00e3o, o branding na m\u00fasica\u00bb ministrado por Yahaira Osiris.<\/p>\n<p>De 15 de Julho a 7 de Agosto<br \/>\nInscri\u00e7\u00f5es em\u00a0<a href=\"https:\/\/lt.mydplr.com\/57618aeb982b8c70836dac401f0d726e-81868bec073b3970fa62af291f12b42d\" target=\"_blank\" rel=\"noopener\" data-saferedirecturl=\"https:\/\/www.google.com\/url?hl=es&amp;q=https:\/\/lt.mydplr.com\/57618aeb982b8c70836dac401f0d726e-81868bec073b3970fa62af291f12b42d&amp;source=gmail&amp;ust=1628096042069000&amp;usg=AFQjCNH_YaMVSEKYpYmMi2YO-ZJxp92qFw\">mimlatam.atrapandosuenos.com<\/a><br \/>\n<a href=\"https:\/\/lt.mydplr.com\/ab273437ada96eaf33e4c81c2abb936f-81868bec073b3970fa62af291f12b42d\" target=\"_blank\" rel=\"noopener\" data-saferedirecturl=\"https:\/\/www.google.com\/url?hl=es&amp;q=https:\/\/lt.mydplr.com\/ab273437ada96eaf33e4c81c2abb936f-81868bec073b3970fa62af291f12b42d&amp;source=gmail&amp;ust=1628096042069000&amp;usg=AFQjCNFwcYzGOO726iRentqjUkTcJdel3Q\">Instagram.com<\/a><br \/>\n<a href=\"https:\/\/lt.mydplr.com\/8a48cd67eb7a94466823130809f3c15a-81868bec073b3970fa62af291f12b42d\" target=\"_blank\" rel=\"noopener\" data-saferedirecturl=\"https:\/\/www.google.com\/url?hl=es&amp;q=https:\/\/lt.mydplr.com\/8a48cd67eb7a94466823130809f3c15a-81868bec073b3970fa62af291f12b42d&amp;source=gmail&amp;ust=1628096042069000&amp;usg=AFQjCNEsvrNZ2FDoIXd_68zssu_E0BwYKg\">Twitter.com<\/a><br \/>\n<a href=\"https:\/\/lt.mydplr.com\/a2656a220e6d8fbd3acd6d4ecb2fb0f7-81868bec073b3970fa62af291f12b42d\" target=\"_blank\" rel=\"noopener\" data-saferedirecturl=\"https:\/\/www.google.com\/url?hl=es&amp;q=https:\/\/lt.mydplr.com\/a2656a220e6d8fbd3acd6d4ecb2fb0f7-81868bec073b3970fa62af291f12b42d&amp;source=gmail&amp;ust=1628096042069000&amp;usg=AFQjCNEZrIS1cKrMfuTJCcxH9TKEsXgBcg\">Facebook.com<\/a><\/p>\n","protected":false},"excerpt":{"rendered":"<p>Mais de 200 mulheres profissionais da ind\u00fastria musical de 10 pa\u00edses do continente, participar\u00e3o do primeiro Encontro Latino-americano de Mulheres na Ind\u00fastria Musical 2021, uma programa\u00e7\u00e3o de palestras, oficinas de conversa\u00e7\u00e3o, Networking e Playlist sobre a ind\u00fastria musical latino-americana, transmitidos ao vivo e de acesso gratuito. Este Encontro Latino-americano de Mulheres na Ind\u00fastria Musical, \u00e9 [&hellip;]<\/p>\n","protected":false},"author":1,"featured_media":9478,"comment_status":"closed","ping_status":"closed","sticky":false,"template":"","format":"standard","meta":{"footnotes":""},"categories":[218],"tags":[],"class_list":["post-9480","post","type-post","status-publish","format-standard","has-post-thumbnail","hentry","category-noticias-generales-pt"],"lang":"pt","translations":{"pt":9480,"es":9477},"pll_sync_post":[],"post_mailing_queue_ids":[],"_links":{"self":[{"href":"http:\/\/staging.ibermusicas.org\/index.php\/wp-json\/wp\/v2\/posts\/9480","targetHints":{"allow":["GET"]}}],"collection":[{"href":"http:\/\/staging.ibermusicas.org\/index.php\/wp-json\/wp\/v2\/posts"}],"about":[{"href":"http:\/\/staging.ibermusicas.org\/index.php\/wp-json\/wp\/v2\/types\/post"}],"author":[{"embeddable":true,"href":"http:\/\/staging.ibermusicas.org\/index.php\/wp-json\/wp\/v2\/users\/1"}],"replies":[{"embeddable":true,"href":"http:\/\/staging.ibermusicas.org\/index.php\/wp-json\/wp\/v2\/comments?post=9480"}],"version-history":[{"count":1,"href":"http:\/\/staging.ibermusicas.org\/index.php\/wp-json\/wp\/v2\/posts\/9480\/revisions"}],"predecessor-version":[{"id":9481,"href":"http:\/\/staging.ibermusicas.org\/index.php\/wp-json\/wp\/v2\/posts\/9480\/revisions\/9481"}],"wp:featuredmedia":[{"embeddable":true,"href":"http:\/\/staging.ibermusicas.org\/index.php\/wp-json\/wp\/v2\/media\/9478"}],"wp:attachment":[{"href":"http:\/\/staging.ibermusicas.org\/index.php\/wp-json\/wp\/v2\/media?parent=9480"}],"wp:term":[{"taxonomy":"category","embeddable":true,"href":"http:\/\/staging.ibermusicas.org\/index.php\/wp-json\/wp\/v2\/categories?post=9480"},{"taxonomy":"post_tag","embeddable":true,"href":"http:\/\/staging.ibermusicas.org\/index.php\/wp-json\/wp\/v2\/tags?post=9480"}],"curies":[{"name":"wp","href":"https:\/\/api.w.org\/{rel}","templated":true}]}}