{"id":9486,"date":"2021-08-04T17:16:41","date_gmt":"2021-08-04T17:16:41","guid":{"rendered":"http:\/\/staging.ibermusicas.org\/?p=9486"},"modified":"2021-09-01T17:14:56","modified_gmt":"2021-09-01T17:14:56","slug":"continuan-los-encuentros-virtuales-cantame-de-ti-mujeres-creando-musica-2","status":"publish","type":"post","link":"http:\/\/staging.ibermusicas.org\/index.php\/continuan-los-encuentros-virtuales-cantame-de-ti-mujeres-creando-musica-2\/","title":{"rendered":"Contin\u00faan los encuentros virtuales \u201cC\u00e1ntame de Ti &#8211; Mujeres creando m\u00fasica\u201d"},"content":{"rendered":"<p>Gabriela Bernal, cantautora mexicana, Agustina Paz, cantautora y pianista argentina y Cecilia Di Salvo, musicoterapeuta argentina llevar\u00e1n adelante \u00abC\u00e1ntame de ti\u00bb, un proyecto que busca ense\u00f1ar al p\u00fablico a conocerse, estimular la comunicaci\u00f3n y expresar a sus emociones a trav\u00e9s de la m\u00fasica y las canciones. Consiste en un ciclo de 8 talleres\/charlas en modalidad virtual impartidas por tres mujeres artistas profesionales en la industria musical.<\/p>\n<p>Como actividad de cierre, el 15 de agosto, habr\u00e1 un show de Gabriela Bernal v\u00eda streaming.<\/p>\n<p>Todos los jueves hasta el 12 de agosto. Horario: 16:30 hs. (M\u00e9xico), 19:30 hs. (Argentina)<br \/>\nM\u00e1s informaci\u00f3n en:\u00a0<a href=\"mailto:jadeproject9@gmail.com\" target=\"_blank\" rel=\"noopener\">jadeproject9@gmail.com<\/a><br \/>\nShow de cierre: 15 de agosto 19 hs M\u00e9xico, 21 horas Argentina<\/p>\n","protected":false},"excerpt":{"rendered":"<p>Gabriela Bernal, cantautora mexicana, Agustina Paz, cantautora y pianista argentina y Cecilia Di Salvo, musicoterapeuta argentina llevar\u00e1n adelante \u00abC\u00e1ntame de ti\u00bb, un proyecto que busca ense\u00f1ar al p\u00fablico a conocerse, estimular la comunicaci\u00f3n y expresar a sus emociones a trav\u00e9s de la m\u00fasica y las canciones. Consiste en un ciclo de 8 talleres\/charlas en modalidad [&hellip;]<\/p>\n","protected":false},"author":1,"featured_media":9487,"comment_status":"closed","ping_status":"closed","sticky":false,"template":"","format":"standard","meta":{"footnotes":""},"categories":[53],"tags":[],"class_list":["post-9486","post","type-post","status-publish","format-standard","has-post-thumbnail","hentry","category-noticias-generales"],"lang":"es","translations":{"es":9486,"pt":9490},"pll_sync_post":[],"post_mailing_queue_ids":[],"_links":{"self":[{"href":"http:\/\/staging.ibermusicas.org\/index.php\/wp-json\/wp\/v2\/posts\/9486","targetHints":{"allow":["GET"]}}],"collection":[{"href":"http:\/\/staging.ibermusicas.org\/index.php\/wp-json\/wp\/v2\/posts"}],"about":[{"href":"http:\/\/staging.ibermusicas.org\/index.php\/wp-json\/wp\/v2\/types\/post"}],"author":[{"embeddable":true,"href":"http:\/\/staging.ibermusicas.org\/index.php\/wp-json\/wp\/v2\/users\/1"}],"replies":[{"embeddable":true,"href":"http:\/\/staging.ibermusicas.org\/index.php\/wp-json\/wp\/v2\/comments?post=9486"}],"version-history":[{"count":2,"href":"http:\/\/staging.ibermusicas.org\/index.php\/wp-json\/wp\/v2\/posts\/9486\/revisions"}],"predecessor-version":[{"id":9489,"href":"http:\/\/staging.ibermusicas.org\/index.php\/wp-json\/wp\/v2\/posts\/9486\/revisions\/9489"}],"wp:featuredmedia":[{"embeddable":true,"href":"http:\/\/staging.ibermusicas.org\/index.php\/wp-json\/wp\/v2\/media\/9487"}],"wp:attachment":[{"href":"http:\/\/staging.ibermusicas.org\/index.php\/wp-json\/wp\/v2\/media?parent=9486"}],"wp:term":[{"taxonomy":"category","embeddable":true,"href":"http:\/\/staging.ibermusicas.org\/index.php\/wp-json\/wp\/v2\/categories?post=9486"},{"taxonomy":"post_tag","embeddable":true,"href":"http:\/\/staging.ibermusicas.org\/index.php\/wp-json\/wp\/v2\/tags?post=9486"}],"curies":[{"name":"wp","href":"https:\/\/api.w.org\/{rel}","templated":true}]}}