{"id":9490,"date":"2021-08-04T17:18:05","date_gmt":"2021-08-04T17:18:05","guid":{"rendered":"http:\/\/staging.ibermusicas.org\/?p=9490"},"modified":"2021-09-01T17:17:47","modified_gmt":"2021-09-01T17:17:47","slug":"continuam-os-encontros-virtuais-cantame-de-ti-mulheres-criando-musica-2","status":"publish","type":"post","link":"http:\/\/staging.ibermusicas.org\/index.php\/continuam-os-encontros-virtuais-cantame-de-ti-mulheres-criando-musica-2\/","title":{"rendered":"Continuam os encontros virtuais \u00abC\u00e1ntame de Ti &#8211; Mulheres criando m\u00fasica\u00bb"},"content":{"rendered":"<p>Gabriela Bernal, cantora e compositora mexicana, Agustina Paz, cantora, compositora e pianista argentina e Cecilia Di Salvo, musicoterapeuta argentina, realizar\u00e3o \u00abC\u00e1ntame de ti\u00bb, um projeto que visa ensinar ao p\u00fablico a se conhecer, estimular a comunica\u00e7\u00e3o e expressar suas emo\u00e7\u00f5es atrav\u00e9s da m\u00fasica e can\u00e7\u00f5es. Consiste num ciclo de 8 oficinas\/palestras em modo virtual ministradas por tr\u00eas mulheres artistas profissionais da ind\u00fastria musical.<\/p>\n<p>Como atividade de encerramento, no 15 de agosto, haver\u00e1 um show de Gabriela Bernal via streaming.<\/p>\n<p>Todas as quintas-feiras at\u00e9 12 de agosto. Hor\u00e1rio: 16h30 (M\u00e9xico), 19h30 (Argentina)<br \/>\nMais informa\u00e7\u00e3o em:\u00a0<a href=\"mailto:jadeproject9@gmail.com\" target=\"_blank\" rel=\"noopener\">jadeproject9@gmail.com<\/a><br \/>\nShow de encerramento: 15 de agosto 19 hs M\u00e9xico, 21 horas Argentina<\/p>\n","protected":false},"excerpt":{"rendered":"<p>Gabriela Bernal, cantora e compositora mexicana, Agustina Paz, cantora, compositora e pianista argentina e Cecilia Di Salvo, musicoterapeuta argentina, realizar\u00e3o \u00abC\u00e1ntame de ti\u00bb, um projeto que visa ensinar ao p\u00fablico a se conhecer, estimular a comunica\u00e7\u00e3o e expressar suas emo\u00e7\u00f5es atrav\u00e9s da m\u00fasica e can\u00e7\u00f5es. Consiste num ciclo de 8 oficinas\/palestras em modo virtual ministradas [&hellip;]<\/p>\n","protected":false},"author":1,"featured_media":9487,"comment_status":"closed","ping_status":"closed","sticky":false,"template":"","format":"standard","meta":{"footnotes":""},"categories":[218],"tags":[],"class_list":["post-9490","post","type-post","status-publish","format-standard","has-post-thumbnail","hentry","category-noticias-generales-pt"],"lang":"pt","translations":{"pt":9490,"es":9486},"pll_sync_post":[],"post_mailing_queue_ids":[],"_links":{"self":[{"href":"http:\/\/staging.ibermusicas.org\/index.php\/wp-json\/wp\/v2\/posts\/9490","targetHints":{"allow":["GET"]}}],"collection":[{"href":"http:\/\/staging.ibermusicas.org\/index.php\/wp-json\/wp\/v2\/posts"}],"about":[{"href":"http:\/\/staging.ibermusicas.org\/index.php\/wp-json\/wp\/v2\/types\/post"}],"author":[{"embeddable":true,"href":"http:\/\/staging.ibermusicas.org\/index.php\/wp-json\/wp\/v2\/users\/1"}],"replies":[{"embeddable":true,"href":"http:\/\/staging.ibermusicas.org\/index.php\/wp-json\/wp\/v2\/comments?post=9490"}],"version-history":[{"count":1,"href":"http:\/\/staging.ibermusicas.org\/index.php\/wp-json\/wp\/v2\/posts\/9490\/revisions"}],"predecessor-version":[{"id":9491,"href":"http:\/\/staging.ibermusicas.org\/index.php\/wp-json\/wp\/v2\/posts\/9490\/revisions\/9491"}],"wp:featuredmedia":[{"embeddable":true,"href":"http:\/\/staging.ibermusicas.org\/index.php\/wp-json\/wp\/v2\/media\/9487"}],"wp:attachment":[{"href":"http:\/\/staging.ibermusicas.org\/index.php\/wp-json\/wp\/v2\/media?parent=9490"}],"wp:term":[{"taxonomy":"category","embeddable":true,"href":"http:\/\/staging.ibermusicas.org\/index.php\/wp-json\/wp\/v2\/categories?post=9490"},{"taxonomy":"post_tag","embeddable":true,"href":"http:\/\/staging.ibermusicas.org\/index.php\/wp-json\/wp\/v2\/tags?post=9490"}],"curies":[{"name":"wp","href":"https:\/\/api.w.org\/{rel}","templated":true}]}}