{"id":9826,"date":"2021-09-01T17:41:15","date_gmt":"2021-09-01T17:41:15","guid":{"rendered":"http:\/\/staging.ibermusicas.org\/?p=9826"},"modified":"2021-09-08T15:27:58","modified_gmt":"2021-09-08T15:27:58","slug":"lancamento-do-manual-ibero-americano-de-direitos-intelectuais-na-musica","status":"publish","type":"post","link":"http:\/\/staging.ibermusicas.org\/index.php\/lancamento-do-manual-ibero-americano-de-direitos-intelectuais-na-musica\/","title":{"rendered":"Lan\u00e7amento do Manual Ibero-americano de Direitos Intelectuais na M\u00fasica"},"content":{"rendered":"<p style=\"text-align: center;\"><strong>Acompanhe o lan\u00e7amento do Manual Ibero-Americano de Direitos Intelectuais em M\u00fasica<\/strong><\/p>\n<p style=\"text-align: center;\"><iframe loading=\"lazy\" title=\"YouTube video player\" src=\"https:\/\/www.youtube.com\/embed\/TRdTCLTTKC4\" width=\"560\" height=\"315\" frameborder=\"0\" allowfullscreen=\"allowfullscreen\"><\/iframe><\/p>\n<p>Projeto Especial da a cargo do Instituto Nacional de M\u00fasica (INAMU)<\/p>\n<p>A edi\u00e7\u00e3o do Manual Ibero-americano de Direitos Intelectuais na M\u00fasica \u00e9 um Projeto Especial impulsionado pela Argentina desde o Instituto Nacional da M\u00fasica, INAMU e a Secretaria de Gest\u00e3o Cultural do Minist\u00e9rio da Cultura da Na\u00e7\u00e3o. O se encontrar\u00e1 dispon\u00edvel em formato digital para seu livre transfer\u00eancia desde a p\u00e1gina web do Programa Iberm\u00fasicas, o INAMU e a plataforma Formar Cultura do Minist\u00e9rio de Cultura da Na\u00e7\u00e3o Argentina.<\/p>\n<p>Manual Ibero-americano de Direitos Intelectuais na M\u00fasica<\/p>\n<p>Este manual foi idealizado com o objetivo pedag\u00f3gico de difundir e ensinar conceitos imprescind\u00edveis para a atividade art\u00edstica musical. Considerando que os direitos intelectuais neste sector s\u00e3o geralmente desconhecidos, mesmo entre as pessoas que desenvolvem esta actividade, Esta publica\u00e7\u00e3o tem como objectivo fornecer conte\u00fado sistematizado que proporcione maiores certezas e clareza na protec\u00e7\u00e3o das obras e que permita beneficiar dos benef\u00edcios do trabalho no sector.<\/p>\n<p>A Carta Cultural Ibero-americana sobre Direitos de Autor subscrita em Montevid\u00e9u (Uruguai) em novembro de 2006, chamou a promover alternativas para articular o resguardo dos direitos dos criadores diante do desafio apresentado pelas novas tecnologias, o acesso massivo a formas inovadoras de cria\u00e7\u00e3o e difus\u00e3o de bens e servi\u00e7os culturais, nesta linha inscreve-se este Manual Ibero-americano de Direitos Intelectuais na M\u00fasica, oferecendo um marco de refer\u00eancia incontorn\u00e1vel para o setor musical da regi\u00e3o.<\/p>\n<p>Lan\u00e7amento on-line quarta feira 8 de setembro<br \/>\n09 hs. Costa Rica<br \/>\n10 hs. Col\u00f4mbia, M\u00e9xico, Equador, Panam\u00e1, Peru<br \/>\n11 hs. Chile, Paraguai, Venezuela, Cuba<br \/>\n12 hs. Argentina, Brasil, Uruguai<br \/>\n17 hs. Portugal, Espanha<\/p>\n<p><a href=\"https:\/\/lt.mydplr.com\/b7cb02d2eb758c7ed637e5df2c30fe0b-81868bec073b3970fa62af291f12b42d\" target=\"_blank\" rel=\"noopener\" data-saferedirecturl=\"https:\/\/www.google.com\/url?q=https:\/\/lt.mydplr.com\/b7cb02d2eb758c7ed637e5df2c30fe0b-81868bec073b3970fa62af291f12b42d&amp;source=gmail&amp;ust=1630602838109000&amp;usg=AFQjCNHI-WBnWJuDby6k5vbRqEpIsOdRXw\">staging.ibermusicas.org<\/a><br \/>\n<a href=\"https:\/\/lt.mydplr.com\/0812a1c0dda143d2b67a74890c1b2628-81868bec073b3970fa62af291f12b42d\" target=\"_blank\" rel=\"noopener\" data-saferedirecturl=\"https:\/\/www.google.com\/url?q=https:\/\/lt.mydplr.com\/0812a1c0dda143d2b67a74890c1b2628-81868bec073b3970fa62af291f12b42d&amp;source=gmail&amp;ust=1630602838109000&amp;usg=AFQjCNFBxXOVveKaHfjeIzuzPpxHi_Pplw\">www.inamu.musica.ar<\/a><br \/>\n<a href=\"https:\/\/lt.mydplr.com\/e4262ce99c476d23efb2e36dcf129b55-81868bec073b3970fa62af291f12b42d\" target=\"_blank\" rel=\"noopener\" data-saferedirecturl=\"https:\/\/www.google.com\/url?q=https:\/\/lt.mydplr.com\/e4262ce99c476d23efb2e36dcf129b55-81868bec073b3970fa62af291f12b42d&amp;source=gmail&amp;ust=1630602838109000&amp;usg=AFQjCNEJR4Qox2y9vEHSkMGIwmQM77GLvQ\">www.formar.cultura.gob.ar<\/a><\/p>\n","protected":false},"excerpt":{"rendered":"<p>Acompanhe o lan\u00e7amento do Manual Ibero-Americano de Direitos Intelectuais em M\u00fasica Projeto Especial da a cargo do Instituto Nacional de M\u00fasica (INAMU) A edi\u00e7\u00e3o do Manual Ibero-americano de Direitos Intelectuais na M\u00fasica \u00e9 um Projeto Especial impulsionado pela Argentina desde o Instituto Nacional da M\u00fasica, INAMU e a Secretaria de Gest\u00e3o Cultural do Minist\u00e9rio da [&hellip;]<\/p>\n","protected":false},"author":1,"featured_media":9827,"comment_status":"closed","ping_status":"closed","sticky":false,"template":"","format":"standard","meta":{"footnotes":""},"categories":[218],"tags":[],"class_list":["post-9826","post","type-post","status-publish","format-standard","has-post-thumbnail","hentry","category-noticias-generales-pt"],"lang":"pt","translations":{"pt":9826},"pll_sync_post":[],"post_mailing_queue_ids":[],"_links":{"self":[{"href":"http:\/\/staging.ibermusicas.org\/index.php\/wp-json\/wp\/v2\/posts\/9826","targetHints":{"allow":["GET"]}}],"collection":[{"href":"http:\/\/staging.ibermusicas.org\/index.php\/wp-json\/wp\/v2\/posts"}],"about":[{"href":"http:\/\/staging.ibermusicas.org\/index.php\/wp-json\/wp\/v2\/types\/post"}],"author":[{"embeddable":true,"href":"http:\/\/staging.ibermusicas.org\/index.php\/wp-json\/wp\/v2\/users\/1"}],"replies":[{"embeddable":true,"href":"http:\/\/staging.ibermusicas.org\/index.php\/wp-json\/wp\/v2\/comments?post=9826"}],"version-history":[{"count":4,"href":"http:\/\/staging.ibermusicas.org\/index.php\/wp-json\/wp\/v2\/posts\/9826\/revisions"}],"predecessor-version":[{"id":10028,"href":"http:\/\/staging.ibermusicas.org\/index.php\/wp-json\/wp\/v2\/posts\/9826\/revisions\/10028"}],"wp:featuredmedia":[{"embeddable":true,"href":"http:\/\/staging.ibermusicas.org\/index.php\/wp-json\/wp\/v2\/media\/9827"}],"wp:attachment":[{"href":"http:\/\/staging.ibermusicas.org\/index.php\/wp-json\/wp\/v2\/media?parent=9826"}],"wp:term":[{"taxonomy":"category","embeddable":true,"href":"http:\/\/staging.ibermusicas.org\/index.php\/wp-json\/wp\/v2\/categories?post=9826"},{"taxonomy":"post_tag","embeddable":true,"href":"http:\/\/staging.ibermusicas.org\/index.php\/wp-json\/wp\/v2\/tags?post=9826"}],"curies":[{"name":"wp","href":"https:\/\/api.w.org\/{rel}","templated":true}]}}