{"id":9834,"date":"2021-09-01T18:03:19","date_gmt":"2021-09-01T18:03:19","guid":{"rendered":"http:\/\/staging.ibermusicas.org\/?p=9834"},"modified":"2021-10-16T11:03:10","modified_gmt":"2021-10-16T11:03:10","slug":"ibermusicas-convocatorias-abiertas","status":"publish","type":"post","link":"http:\/\/staging.ibermusicas.org\/index.php\/ibermusicas-convocatorias-abiertas\/","title":{"rendered":"Iberm\u00fasicas. Convocatorias abiertas"},"content":{"rendered":"<p>Desde Iberm\u00fasicas nos complace recordar a todas las y todos los agentes del sector musical, que permanecen abiertas las siguientes convocatorias:<\/p>\n<p>VIII Premio Iberm\u00fasicas a la Creaci\u00f3n de Canciones 2021<br \/>\nFecha de cierre:\u00a0<strong>17 de septiembre del 2021<\/strong><\/p>\n<p>Ayudas al sector musical en modalidad virtual 2021<br \/>\nFecha de cierre:<strong>\u00a01 de octubre del 2021<\/strong><\/p>\n<p>Premio Iberm\u00fasicas de composici\u00f3n y estreno de obra 2021<br \/>\nFecha de cierre:<strong>\u00a01 de octubre del 2021<\/strong><\/p>\n<p>Importante: la plataforma web de Iberm\u00fasicas permite la modalidad de carga como \u201cborrador\u201d, lo que hace posible que el proyecto pueda ser desarrollado en distintos momentos conservando toda la informaci\u00f3n incorporada. Sugerimos el uso de esta modalidad, para entrar en contacto con los formularios de postulaci\u00f3n, ir completando de manera detallada lo solicitado y sumando de a poco la informaci\u00f3n que se vaya recabando. De esta forma se evita la carga del proyecto el \u00faltimo d\u00eda despejando complicaciones innecesarias sin margen para corregirlas. El personal de nuestra Unidad T\u00e9cnica se encuentra a entera disposici\u00f3n para acompa\u00f1ar, asesorar y prestar ayuda ante cualquier inconveniente.<\/p>\n<p>Con nuestros mayores deseos de \u00e9xitos las y los invitamos a presentar vuestros proyectos.<\/p>\n<p>M\u00e1s informaci\u00f3n\u00a0<a href=\"https:\/\/lt.mydplr.com\/e04565433f46014897d707b4bcd76d57-81868bec073b3970fa62af291f12b42d\" target=\"_blank\" rel=\"noopener\" data-saferedirecturl=\"https:\/\/www.google.com\/url?q=https:\/\/lt.mydplr.com\/e04565433f46014897d707b4bcd76d57-81868bec073b3970fa62af291f12b42d&amp;source=gmail&amp;ust=1630602838110000&amp;usg=AFQjCNF4IL0_p9VI97OKg2A0jU6i5HrvOQ\">aqu\u00ed<\/a><\/p>\n","protected":false},"excerpt":{"rendered":"<p>Desde Iberm\u00fasicas nos complace recordar a todas las y todos los agentes del sector musical, que permanecen abiertas las siguientes convocatorias: VIII Premio Iberm\u00fasicas a la Creaci\u00f3n de Canciones 2021 Fecha de cierre:\u00a017 de septiembre del 2021 Ayudas al sector musical en modalidad virtual 2021 Fecha de cierre:\u00a01 de octubre del 2021 Premio Iberm\u00fasicas de [&hellip;]<\/p>\n","protected":false},"author":1,"featured_media":8204,"comment_status":"closed","ping_status":"closed","sticky":false,"template":"","format":"standard","meta":{"footnotes":""},"categories":[53],"tags":[],"class_list":["post-9834","post","type-post","status-publish","format-standard","has-post-thumbnail","hentry","category-noticias-generales"],"lang":"es","translations":{"es":9834,"pt":9836},"pll_sync_post":[],"post_mailing_queue_ids":[],"_links":{"self":[{"href":"http:\/\/staging.ibermusicas.org\/index.php\/wp-json\/wp\/v2\/posts\/9834","targetHints":{"allow":["GET"]}}],"collection":[{"href":"http:\/\/staging.ibermusicas.org\/index.php\/wp-json\/wp\/v2\/posts"}],"about":[{"href":"http:\/\/staging.ibermusicas.org\/index.php\/wp-json\/wp\/v2\/types\/post"}],"author":[{"embeddable":true,"href":"http:\/\/staging.ibermusicas.org\/index.php\/wp-json\/wp\/v2\/users\/1"}],"replies":[{"embeddable":true,"href":"http:\/\/staging.ibermusicas.org\/index.php\/wp-json\/wp\/v2\/comments?post=9834"}],"version-history":[{"count":1,"href":"http:\/\/staging.ibermusicas.org\/index.php\/wp-json\/wp\/v2\/posts\/9834\/revisions"}],"predecessor-version":[{"id":9835,"href":"http:\/\/staging.ibermusicas.org\/index.php\/wp-json\/wp\/v2\/posts\/9834\/revisions\/9835"}],"wp:featuredmedia":[{"embeddable":true,"href":"http:\/\/staging.ibermusicas.org\/index.php\/wp-json\/wp\/v2\/media\/8204"}],"wp:attachment":[{"href":"http:\/\/staging.ibermusicas.org\/index.php\/wp-json\/wp\/v2\/media?parent=9834"}],"wp:term":[{"taxonomy":"category","embeddable":true,"href":"http:\/\/staging.ibermusicas.org\/index.php\/wp-json\/wp\/v2\/categories?post=9834"},{"taxonomy":"post_tag","embeddable":true,"href":"http:\/\/staging.ibermusicas.org\/index.php\/wp-json\/wp\/v2\/tags?post=9834"}],"curies":[{"name":"wp","href":"https:\/\/api.w.org\/{rel}","templated":true}]}}