{"id":9836,"date":"2021-09-01T18:04:58","date_gmt":"2021-09-01T18:04:58","guid":{"rendered":"http:\/\/staging.ibermusicas.org\/?p=9836"},"modified":"2021-10-16T11:11:44","modified_gmt":"2021-10-16T11:11:44","slug":"ibermusicas-convocatorias-abertas","status":"publish","type":"post","link":"http:\/\/staging.ibermusicas.org\/index.php\/ibermusicas-convocatorias-abertas\/","title":{"rendered":"Iberm\u00fasicas. Convocat\u00f3rias abertas"},"content":{"rendered":"<p>Desde Iberm\u00fasicas nos complace recordar a todas las y todos los agentes del sector musical, que permanecen abiertas las siguientes convocatorias:<\/p>\n<p>Desde Iberm\u00fasicas nos agrada recordar a todas as e todos os agentes do setor musical, que permanecem abertas as seguintes convocat\u00f3rias:<\/p>\n<p>Ajudas ao sector musical em modalidade vitual 2021<br \/>\nData de encerramento:<strong>\u00a017 de setembro de 2021<\/strong><\/p>\n<p>VIII Pr\u00eamio Iberm\u00fasicas para a cria\u00e7\u00e3o de canc\u00f5es 2021<br \/>\nData de encerramento:<strong>\u00a01 de outubro de 2021<\/strong><\/p>\n<p>Pr\u00eamio Ibermusicas de composi\u00e7\u00e3o e estreia de obra 2021<br \/>\nData de encerramento:<strong>\u00a01 de outubro de 2021<\/strong><\/p>\n<p>Importante: a plataforma web da Iberm\u00fasicas permite a modalidade de carga como \u00abrascunho\u00bb, o que torna poss\u00edvel que o projeto possa ser desenvolvido em diferentes momentos conservando toda a informa\u00e7\u00e3o incorporada. Sugerimos o uso desta modalidade, para entrar em contato com os formul\u00e1rios de postula\u00e7\u00e3o, ir completando de maneira detalhada o pedido e somando de a pouco a informa\u00e7\u00e3o que se v\u00e1 recolhendo. Desta forma se evita a carga do projeto no \u00faltimo dia, limpando complica\u00e7\u00f5es desnecess\u00e1rias sem margem para corrigi-las. O pessoal da nossa Unidade T\u00e9cnica est\u00e1 \u00e0 disposi\u00e7\u00e3o para acompanhar, aconselhar e prestar assist\u00eancia em qualquer inconveniente.<\/p>\n<p>Com nossos maiores desejos de sucesso os convidamos a apresentar seus projetos.<\/p>\n<p>Mais informa\u00e7\u00e3o\u00a0<a href=\"https:\/\/lt.mydplr.com\/e04565433f46014897d707b4bcd76d57-81868bec073b3970fa62af291f12b42d\" target=\"_blank\" rel=\"noopener\" data-saferedirecturl=\"https:\/\/www.google.com\/url?q=https:\/\/lt.mydplr.com\/e04565433f46014897d707b4bcd76d57-81868bec073b3970fa62af291f12b42d&amp;source=gmail&amp;ust=1630602838110000&amp;usg=AFQjCNF4IL0_p9VI97OKg2A0jU6i5HrvOQ\">aqu\u00ed<\/a><\/p>\n","protected":false},"excerpt":{"rendered":"<p>Desde Iberm\u00fasicas nos complace recordar a todas las y todos los agentes del sector musical, que permanecen abiertas las siguientes convocatorias: Desde Iberm\u00fasicas nos agrada recordar a todas as e todos os agentes do setor musical, que permanecem abertas as seguintes convocat\u00f3rias: Ajudas ao sector musical em modalidade vitual 2021 Data de encerramento:\u00a017 de setembro [&hellip;]<\/p>\n","protected":false},"author":1,"featured_media":8204,"comment_status":"closed","ping_status":"closed","sticky":false,"template":"","format":"standard","meta":{"footnotes":""},"categories":[218],"tags":[],"class_list":["post-9836","post","type-post","status-publish","format-standard","has-post-thumbnail","hentry","category-noticias-generales-pt"],"lang":"pt","translations":{"pt":9836,"es":9834},"pll_sync_post":[],"post_mailing_queue_ids":[],"_links":{"self":[{"href":"http:\/\/staging.ibermusicas.org\/index.php\/wp-json\/wp\/v2\/posts\/9836","targetHints":{"allow":["GET"]}}],"collection":[{"href":"http:\/\/staging.ibermusicas.org\/index.php\/wp-json\/wp\/v2\/posts"}],"about":[{"href":"http:\/\/staging.ibermusicas.org\/index.php\/wp-json\/wp\/v2\/types\/post"}],"author":[{"embeddable":true,"href":"http:\/\/staging.ibermusicas.org\/index.php\/wp-json\/wp\/v2\/users\/1"}],"replies":[{"embeddable":true,"href":"http:\/\/staging.ibermusicas.org\/index.php\/wp-json\/wp\/v2\/comments?post=9836"}],"version-history":[{"count":1,"href":"http:\/\/staging.ibermusicas.org\/index.php\/wp-json\/wp\/v2\/posts\/9836\/revisions"}],"predecessor-version":[{"id":9837,"href":"http:\/\/staging.ibermusicas.org\/index.php\/wp-json\/wp\/v2\/posts\/9836\/revisions\/9837"}],"wp:featuredmedia":[{"embeddable":true,"href":"http:\/\/staging.ibermusicas.org\/index.php\/wp-json\/wp\/v2\/media\/8204"}],"wp:attachment":[{"href":"http:\/\/staging.ibermusicas.org\/index.php\/wp-json\/wp\/v2\/media?parent=9836"}],"wp:term":[{"taxonomy":"category","embeddable":true,"href":"http:\/\/staging.ibermusicas.org\/index.php\/wp-json\/wp\/v2\/categories?post=9836"},{"taxonomy":"post_tag","embeddable":true,"href":"http:\/\/staging.ibermusicas.org\/index.php\/wp-json\/wp\/v2\/tags?post=9836"}],"curies":[{"name":"wp","href":"https:\/\/api.w.org\/{rel}","templated":true}]}}