{"id":9838,"date":"2021-09-01T18:08:41","date_gmt":"2021-09-01T18:08:41","guid":{"rendered":"http:\/\/staging.ibermusicas.org\/?p=9838"},"modified":"2021-10-04T17:09:15","modified_gmt":"2021-10-04T17:09:15","slug":"desde-paraguay-se-realizara-el-ciclo-de-formacion-digital-cranea-musica-edicion-2021","status":"publish","type":"post","link":"http:\/\/staging.ibermusicas.org\/index.php\/desde-paraguay-se-realizara-el-ciclo-de-formacion-digital-cranea-musica-edicion-2021\/","title":{"rendered":"Desde Paraguay se realizar\u00e1 el Ciclo de Formaci\u00f3n Digital \u201cCranea M\u00fasica\u201d edici\u00f3n 2021"},"content":{"rendered":"<p>Luego de dos experiencias en el 2020 vuelve \u201cCranea M\u00fasica\u201d planteando tem\u00e1ticas que involucran industria, gesti\u00f3n y modelos de asociaci\u00f3n y agremiaci\u00f3n. En una apuesta m\u00e1s por la capacitaci\u00f3n, el desarrollo y la profesionalizaci\u00f3n de los protagonistas de la industria musical de Paraguay y de toda Iberoam\u00e9rica que ocupar\u00e1 cuatro d\u00edas y ser\u00e1 la tercera realizada en modalidad virtual.<\/p>\n<p>\u201cCranea m\u00fasica\u201d propone una programaci\u00f3n de di\u00e1logos, showcases y m\u00e1s espacios de visibilidad, presentados por profesionales nacionales e internacionales de primer nivel, que a trav\u00e9s de plataformas digitales conectar\u00e1n y transmitir\u00e1n sus conocimientos y experiencias a una gran audiencia, con temas relevantes y actuales de la industria musical.<\/p>\n<p>Programa:<\/p>\n<p>\u2022 1ero de septiembre, 17 hs. Di\u00e1logo 01 Rodrigo Ferreiro (PY) \u2013 \u201cC\u00f3mo encarar una producci\u00f3n con el Criterio Musical como eje\u201d. \u2013 Di\u00e1logo 02 Mar\u00eda Jos\u00e9 Camargo (COL) &#8211; \u201cC\u00f3mo construir una industria diversa por Todopoderosa\u00bb<\/p>\n<p>\u2022 2 de septiembre, 17 hs. Di\u00e1logo 01 Julio Serna (ESP) \u2013 \u201cLa gesti\u00f3n cultural en el management de artistas\u201d. &#8211; Di\u00e1logo 02 Sabrina Brunetti (ARG) \u2013 \u201cFUTURX Espacio de Profesionalizaci\u00f3n Din\u00e1mica para la Industria Musical\u201d.<\/p>\n<p>\u2022 3 de septiembre, 17 hs. Di\u00e1logo 01 Claudia Pereira \/ Somos Fuego (CL) \u2013 \u201cComercializaci\u00f3n, Circulaci\u00f3n y Exportaci\u00f3n\u201d. &#8211; Di\u00e1logo 02 Jorge Erlwein (CL) &#8211; IMI CHILE \u201cModelos de Agremiaci\u00f3n\u201d<\/p>\n<p>\u2022 4 de septiembre: Showcases<\/p>\n<p>Todas las jornadas contar\u00e1n con invitados de diferentes pa\u00edses en un nuevo espacio denominado #CRANEApuentes con la intenci\u00f3n de visibilizar proyectos innovadores, sociales y que fomenten la asociatividad. Como tambi\u00e9n #CRANEAclips donde se mostrar\u00e1n 6 videoclips recientemente producidos, de 3 artistas nacionales y 3 internacionales.<\/p>\n<p>Del 1 al 4 de septiembre desde la plataforma de Cranea M\u00fasica. El acceso al ciclo ser\u00e1 libre y gratuito con inscripci\u00f3n previa<\/p>\n","protected":false},"excerpt":{"rendered":"<p>Luego de dos experiencias en el 2020 vuelve \u201cCranea M\u00fasica\u201d planteando tem\u00e1ticas que involucran industria, gesti\u00f3n y modelos de asociaci\u00f3n y agremiaci\u00f3n. En una apuesta m\u00e1s por la capacitaci\u00f3n, el desarrollo y la profesionalizaci\u00f3n de los protagonistas de la industria musical de Paraguay y de toda Iberoam\u00e9rica que ocupar\u00e1 cuatro d\u00edas y ser\u00e1 la tercera [&hellip;]<\/p>\n","protected":false},"author":1,"featured_media":9839,"comment_status":"closed","ping_status":"closed","sticky":false,"template":"","format":"standard","meta":{"footnotes":""},"categories":[53],"tags":[],"class_list":["post-9838","post","type-post","status-publish","format-standard","has-post-thumbnail","hentry","category-noticias-generales"],"lang":"es","translations":{"es":9838,"pt":9841},"pll_sync_post":[],"post_mailing_queue_ids":[],"_links":{"self":[{"href":"http:\/\/staging.ibermusicas.org\/index.php\/wp-json\/wp\/v2\/posts\/9838","targetHints":{"allow":["GET"]}}],"collection":[{"href":"http:\/\/staging.ibermusicas.org\/index.php\/wp-json\/wp\/v2\/posts"}],"about":[{"href":"http:\/\/staging.ibermusicas.org\/index.php\/wp-json\/wp\/v2\/types\/post"}],"author":[{"embeddable":true,"href":"http:\/\/staging.ibermusicas.org\/index.php\/wp-json\/wp\/v2\/users\/1"}],"replies":[{"embeddable":true,"href":"http:\/\/staging.ibermusicas.org\/index.php\/wp-json\/wp\/v2\/comments?post=9838"}],"version-history":[{"count":1,"href":"http:\/\/staging.ibermusicas.org\/index.php\/wp-json\/wp\/v2\/posts\/9838\/revisions"}],"predecessor-version":[{"id":9840,"href":"http:\/\/staging.ibermusicas.org\/index.php\/wp-json\/wp\/v2\/posts\/9838\/revisions\/9840"}],"wp:featuredmedia":[{"embeddable":true,"href":"http:\/\/staging.ibermusicas.org\/index.php\/wp-json\/wp\/v2\/media\/9839"}],"wp:attachment":[{"href":"http:\/\/staging.ibermusicas.org\/index.php\/wp-json\/wp\/v2\/media?parent=9838"}],"wp:term":[{"taxonomy":"category","embeddable":true,"href":"http:\/\/staging.ibermusicas.org\/index.php\/wp-json\/wp\/v2\/categories?post=9838"},{"taxonomy":"post_tag","embeddable":true,"href":"http:\/\/staging.ibermusicas.org\/index.php\/wp-json\/wp\/v2\/tags?post=9838"}],"curies":[{"name":"wp","href":"https:\/\/api.w.org\/{rel}","templated":true}]}}