{"id":9841,"date":"2021-09-01T18:10:33","date_gmt":"2021-09-01T18:10:33","guid":{"rendered":"http:\/\/staging.ibermusicas.org\/?p=9841"},"modified":"2021-10-04T17:10:35","modified_gmt":"2021-10-04T17:10:35","slug":"do-paraguai-sera-realizado-o-ciclo-de-formacao-digital-cranea-musica-edicao-2021","status":"publish","type":"post","link":"http:\/\/staging.ibermusicas.org\/index.php\/do-paraguai-sera-realizado-o-ciclo-de-formacao-digital-cranea-musica-edicao-2021\/","title":{"rendered":"Do Paraguai ser\u00e1 realizado o Ciclo de Forma\u00e7\u00e3o Digital \u00abCranea M\u00fasica\u00bb edi\u00e7\u00e3o 2021"},"content":{"rendered":"<p>Depois de duas experi\u00eancias em 2020, volta \u00abCranea M\u00fasica\u00bb apresentando tem\u00e1ticas que envolvem ind\u00fastria, gest\u00e3o e modelos de associa\u00e7\u00e3o e agremia\u00e7\u00e3o. Em uma aposta mais pela capacita\u00e7\u00e3o, o desenvolvimento e a profissionaliza\u00e7\u00e3o dos protagonistas da ind\u00fastria musical do Paraguai e de toda a Ibero-Am\u00e9rica que ocupar\u00e1 quatro dias e ser\u00e1 a terceira realizada em modalidade virtual.<\/p>\n<p>\u00abCranea m\u00fasica\u00bb prop\u00f5e uma programa\u00e7\u00e3o de di\u00e1logos, showcases e mais espa\u00e7os de visibilidade, apresentados por profissionais nacionais e internacionais de primeiro n\u00edvel, que, atrav\u00e9s de plataformas digitais, ligar\u00e3o e transmitir\u00e3o os seus conhecimentos e experi\u00eancias a um grande p\u00fablico, com temas relevantes e actuais da ind\u00fastria musical.<\/p>\n<p>Programa:<\/p>\n<p>\u2022 1ero de setembro, 17 hs. Di\u00e1logo 01 Rodrigo Ferreiro (PY) &#8211; \u00abComo encarar uma produ\u00e7\u00e3o com o Crit\u00e9rio Musical como eixo\u00bb. &#8211; Di\u00e1logo 02 Maria Jos\u00e9 Camargo (COL) &#8211; \u00abComo construir uma ind\u00fastria diversificada por Todo-Poderosa\u00bb<\/p>\n<p>\u2022 2 de setembro, 17 hs. Di\u00e1logo 01 Julio Serna (ESP) &#8211; \u00abA gest\u00e3o cultural no management de artistas\u00bb. &#8211; Di\u00e1logo 02 Sabrina Brunetti (ARG) &#8211; \u00abFUTURX Espa\u00e7o de Profissionaliza\u00e7\u00e3o Din\u00e2mica para a Ind\u00fastria Musical\u00bb.<\/p>\n<p>\u2022 3 de setembro, 17 hs. Di\u00e1logo 01 Claudia Pereira \/ Somos Fogo (CL) &#8211; \u00abComercializa\u00e7\u00e3o, Circula\u00e7\u00e3o e Exporta\u00e7\u00e3o\u00bb. &#8211; Di\u00e1logo 02 Jorge Erlwein (CL) &#8211; IMI CHILE \u00abModelos de Agremia\u00e7\u00e3o\u00bb<\/p>\n<p>\u2022 4 de setembro: Showcases<br \/>\nTodas as jornadas contar\u00e3o com convidados de diferentes pa\u00edses em um novo espa\u00e7o denominado #CRANApontes com a inten\u00e7\u00e3o de visibilizar projetos inovadores, sociais e que fomentem a associatividade. Como tamb\u00e9m #CRANEAclips onde ser\u00e3o exibidos 6 videoclipes recentemente produzidos, de 3 artistas nacionais e 3 internacionais.<br \/>\nDe 1 a 4 de setembro a partir da plataforma da Cranea M\u00fasica. O acesso ao ciclo ser\u00e1 livre e gratuito com inscri\u00e7\u00e3o pr\u00e9via<\/p>\n","protected":false},"excerpt":{"rendered":"<p>Depois de duas experi\u00eancias em 2020, volta \u00abCranea M\u00fasica\u00bb apresentando tem\u00e1ticas que envolvem ind\u00fastria, gest\u00e3o e modelos de associa\u00e7\u00e3o e agremia\u00e7\u00e3o. Em uma aposta mais pela capacita\u00e7\u00e3o, o desenvolvimento e a profissionaliza\u00e7\u00e3o dos protagonistas da ind\u00fastria musical do Paraguai e de toda a Ibero-Am\u00e9rica que ocupar\u00e1 quatro dias e ser\u00e1 a terceira realizada em modalidade [&hellip;]<\/p>\n","protected":false},"author":1,"featured_media":9839,"comment_status":"closed","ping_status":"closed","sticky":false,"template":"","format":"standard","meta":{"footnotes":""},"categories":[218],"tags":[],"class_list":["post-9841","post","type-post","status-publish","format-standard","has-post-thumbnail","hentry","category-noticias-generales-pt"],"lang":"pt","translations":{"pt":9841,"es":9838},"pll_sync_post":[],"post_mailing_queue_ids":[],"_links":{"self":[{"href":"http:\/\/staging.ibermusicas.org\/index.php\/wp-json\/wp\/v2\/posts\/9841","targetHints":{"allow":["GET"]}}],"collection":[{"href":"http:\/\/staging.ibermusicas.org\/index.php\/wp-json\/wp\/v2\/posts"}],"about":[{"href":"http:\/\/staging.ibermusicas.org\/index.php\/wp-json\/wp\/v2\/types\/post"}],"author":[{"embeddable":true,"href":"http:\/\/staging.ibermusicas.org\/index.php\/wp-json\/wp\/v2\/users\/1"}],"replies":[{"embeddable":true,"href":"http:\/\/staging.ibermusicas.org\/index.php\/wp-json\/wp\/v2\/comments?post=9841"}],"version-history":[{"count":1,"href":"http:\/\/staging.ibermusicas.org\/index.php\/wp-json\/wp\/v2\/posts\/9841\/revisions"}],"predecessor-version":[{"id":9842,"href":"http:\/\/staging.ibermusicas.org\/index.php\/wp-json\/wp\/v2\/posts\/9841\/revisions\/9842"}],"wp:featuredmedia":[{"embeddable":true,"href":"http:\/\/staging.ibermusicas.org\/index.php\/wp-json\/wp\/v2\/media\/9839"}],"wp:attachment":[{"href":"http:\/\/staging.ibermusicas.org\/index.php\/wp-json\/wp\/v2\/media?parent=9841"}],"wp:term":[{"taxonomy":"category","embeddable":true,"href":"http:\/\/staging.ibermusicas.org\/index.php\/wp-json\/wp\/v2\/categories?post=9841"},{"taxonomy":"post_tag","embeddable":true,"href":"http:\/\/staging.ibermusicas.org\/index.php\/wp-json\/wp\/v2\/tags?post=9841"}],"curies":[{"name":"wp","href":"https:\/\/api.w.org\/{rel}","templated":true}]}}