{"id":9843,"date":"2021-09-01T18:11:36","date_gmt":"2021-09-01T18:11:36","guid":{"rendered":"http:\/\/staging.ibermusicas.org\/?p=9843"},"modified":"2021-10-04T17:09:09","modified_gmt":"2021-10-04T17:09:09","slug":"daniel-quaranta-y-doriana-mendes-de-brasil-estrenan-desde-el-cmmas-de-mexico-la-obra-helena-y-su-ventrilocuo","status":"publish","type":"post","link":"http:\/\/staging.ibermusicas.org\/index.php\/daniel-quaranta-y-doriana-mendes-de-brasil-estrenan-desde-el-cmmas-de-mexico-la-obra-helena-y-su-ventrilocuo\/","title":{"rendered":"Daniel Quaranta y Doriana Mendes de Brasil estrenan desde el CMMAS de M\u00e9xico la obra \u201cHelena y su ventr\u00edlocuo\u201d"},"content":{"rendered":"<p>Helena y su ventr\u00edlocuo es una \u00f3pera-pel\u00edcula resultado de la asociaci\u00f3n creativa entre el compositor y Perfomer Daniel Quaranta (m\u00fasica, video, texto y guion) y Doriana Mendes (interpretaci\u00f3n, canto, voces y direcci\u00f3n esc\u00e9nica). Originariamente fue creada como una obra electroac\u00fastica multimedia que re\u00fane m\u00faltiples lenguajes como el teatro, la danza, la poes\u00eda y el video.<\/p>\n<p>Se trata de una \u00f3pera en formato cinematogr\u00e1fico. La obra cuenta la historia de Helena, una mujer contempor\u00e1nea en busca de su propia voz. El personaje, encarnado en la pel\u00edcula por la actriz soprano Doriana Mendes, se relaciona con su alter-ego creando una situaci\u00f3n dial\u00f3gica a trav\u00e9s del habla, del canto y de una secuencia de acciones en su ambiente interno y urbano.<\/p>\n<p>Helena y su ventr\u00edlocuo invitan al p\u00fablico a sumergirse en un universo de sonidos e im\u00e1genes que traspasan lo real y lo imaginario, dentro de una atm\u00f3sfera l\u00fadica y on\u00edrica.<\/p>\n<p>Concierto virtual viernes 3 de septiembre 20:00 hs. (M\u00e9xico) \/ 22:00 hs. (Brasil)<\/p>\n<p>Transmitido por el canal de YouTube del CMMAS:<br \/>\n<a href=\"https:\/\/lt.mydplr.com\/f6305b23a30583938799c7943cc6d5e9-81868bec073b3970fa62af291f12b42d\" target=\"_blank\" rel=\"noopener\" data-saferedirecturl=\"https:\/\/www.google.com\/url?q=https:\/\/lt.mydplr.com\/f6305b23a30583938799c7943cc6d5e9-81868bec073b3970fa62af291f12b42d&amp;source=gmail&amp;ust=1630602838110000&amp;usg=AFQjCNGSja7PnyixY9fsUGLXQ6Ljv2Ad4Q\">youtube.com<\/a><\/p>\n","protected":false},"excerpt":{"rendered":"<p>Helena y su ventr\u00edlocuo es una \u00f3pera-pel\u00edcula resultado de la asociaci\u00f3n creativa entre el compositor y Perfomer Daniel Quaranta (m\u00fasica, video, texto y guion) y Doriana Mendes (interpretaci\u00f3n, canto, voces y direcci\u00f3n esc\u00e9nica). Originariamente fue creada como una obra electroac\u00fastica multimedia que re\u00fane m\u00faltiples lenguajes como el teatro, la danza, la poes\u00eda y el video. [&hellip;]<\/p>\n","protected":false},"author":1,"featured_media":9844,"comment_status":"closed","ping_status":"closed","sticky":false,"template":"","format":"standard","meta":{"footnotes":""},"categories":[53],"tags":[],"class_list":["post-9843","post","type-post","status-publish","format-standard","has-post-thumbnail","hentry","category-noticias-generales"],"lang":"es","translations":{"es":9843,"pt":9846},"pll_sync_post":[],"post_mailing_queue_ids":[],"_links":{"self":[{"href":"http:\/\/staging.ibermusicas.org\/index.php\/wp-json\/wp\/v2\/posts\/9843","targetHints":{"allow":["GET"]}}],"collection":[{"href":"http:\/\/staging.ibermusicas.org\/index.php\/wp-json\/wp\/v2\/posts"}],"about":[{"href":"http:\/\/staging.ibermusicas.org\/index.php\/wp-json\/wp\/v2\/types\/post"}],"author":[{"embeddable":true,"href":"http:\/\/staging.ibermusicas.org\/index.php\/wp-json\/wp\/v2\/users\/1"}],"replies":[{"embeddable":true,"href":"http:\/\/staging.ibermusicas.org\/index.php\/wp-json\/wp\/v2\/comments?post=9843"}],"version-history":[{"count":1,"href":"http:\/\/staging.ibermusicas.org\/index.php\/wp-json\/wp\/v2\/posts\/9843\/revisions"}],"predecessor-version":[{"id":9845,"href":"http:\/\/staging.ibermusicas.org\/index.php\/wp-json\/wp\/v2\/posts\/9843\/revisions\/9845"}],"wp:featuredmedia":[{"embeddable":true,"href":"http:\/\/staging.ibermusicas.org\/index.php\/wp-json\/wp\/v2\/media\/9844"}],"wp:attachment":[{"href":"http:\/\/staging.ibermusicas.org\/index.php\/wp-json\/wp\/v2\/media?parent=9843"}],"wp:term":[{"taxonomy":"category","embeddable":true,"href":"http:\/\/staging.ibermusicas.org\/index.php\/wp-json\/wp\/v2\/categories?post=9843"},{"taxonomy":"post_tag","embeddable":true,"href":"http:\/\/staging.ibermusicas.org\/index.php\/wp-json\/wp\/v2\/tags?post=9843"}],"curies":[{"name":"wp","href":"https:\/\/api.w.org\/{rel}","templated":true}]}}