{"id":9848,"date":"2021-09-01T18:14:00","date_gmt":"2021-09-01T18:14:00","guid":{"rendered":"http:\/\/staging.ibermusicas.org\/?p=9848"},"modified":"2021-10-04T17:09:02","modified_gmt":"2021-10-04T17:09:02","slug":"el-coro-femenino-de-monterrey-mexico-se-presentara-en-el-xx-festival-coral-internacional-de-medellin-colombia","status":"publish","type":"post","link":"http:\/\/staging.ibermusicas.org\/index.php\/el-coro-femenino-de-monterrey-mexico-se-presentara-en-el-xx-festival-coral-internacional-de-medellin-colombia\/","title":{"rendered":"El Coro Femenino de Monterrey, M\u00e9xico se presentar\u00e1 en el XX Festival Coral Internacional de Medell\u00edn, Colombia"},"content":{"rendered":"<p>El Coro Femenino de Monterrey es una agrupaci\u00f3n integrada por m\u00fasicos profesionales y estudiantes de m\u00fasica con inter\u00e9s en la difusi\u00f3n de repertorio coral para voces iguales de distintas \u00e9pocas, desde el siglo XIII hasta nuestros d\u00edas. Sus integrantes cuentan con experiencia en la m\u00fasica de concierto, como solistas y como miembros activos de ensambles de c\u00e1mara.<\/p>\n<p>Su repertorio muestra un inter\u00e9s especial en la m\u00fasica coral del siglo XX, en la que destacan los recientes estrenos de las obras \u201cLa ruta de los colores\u201d y \u201cEl ave que hechizaba con su canto\u201d de la compositora Itz\u00e1 Garc\u00eda, y el reestreno de la \u201cSuite Buc\u00f3lica\u201d de Ramiro Luis Guerra.<\/p>\n<p>El Coro Femenino se ha presentado en conciertos locales de Monterrey y su \u00e1rea metropolitana, y ha participado en festivales nacionales (X Festival Internacional de Coros Puebla 2009, 1er Festival Internacional de coros Jalisco 2010, IV Festival Internacional de Coros de C\u00e1mara Estado de M\u00e9xico 2011, 1er Festival Internacional de Coros \u201cTlaxcala Canta\u201d 2012, Festival internacional de coros Yucat\u00e1n en sus ediciones de 2013 y 2016), e internacionales (VIII Festival Internacional de Coros \u201cEcuador: Cantemos Unidos\u201d Guayaquil, Ecuador).<\/p>\n<p>Del 8 al 12 de septiembre XX Festival Coral Internacional de Medell\u00edn Jos\u00e9 Mar\u00eda Bravo M\u00e1rquez<br \/>\n<a href=\"https:\/\/lt.mydplr.com\/b226838ab64d9b7e86ffe7e79a59f332-81868bec073b3970fa62af291f12b42d\" target=\"_blank\" rel=\"noopener\" data-saferedirecturl=\"https:\/\/www.google.com\/url?q=https:\/\/lt.mydplr.com\/b226838ab64d9b7e86ffe7e79a59f332-81868bec073b3970fa62af291f12b42d&amp;source=gmail&amp;ust=1630602838111000&amp;usg=AFQjCNHG2xi2fZJj5yTV1BC6PV4gbJeaYg\">facebook.com<\/a><\/p>\n","protected":false},"excerpt":{"rendered":"<p>El Coro Femenino de Monterrey es una agrupaci\u00f3n integrada por m\u00fasicos profesionales y estudiantes de m\u00fasica con inter\u00e9s en la difusi\u00f3n de repertorio coral para voces iguales de distintas \u00e9pocas, desde el siglo XIII hasta nuestros d\u00edas. Sus integrantes cuentan con experiencia en la m\u00fasica de concierto, como solistas y como miembros activos de ensambles [&hellip;]<\/p>\n","protected":false},"author":1,"featured_media":9849,"comment_status":"closed","ping_status":"closed","sticky":false,"template":"","format":"standard","meta":{"footnotes":""},"categories":[53],"tags":[],"class_list":["post-9848","post","type-post","status-publish","format-standard","has-post-thumbnail","hentry","category-noticias-generales"],"lang":"es","translations":{"es":9848,"pt":9851},"pll_sync_post":[],"post_mailing_queue_ids":[],"_links":{"self":[{"href":"http:\/\/staging.ibermusicas.org\/index.php\/wp-json\/wp\/v2\/posts\/9848","targetHints":{"allow":["GET"]}}],"collection":[{"href":"http:\/\/staging.ibermusicas.org\/index.php\/wp-json\/wp\/v2\/posts"}],"about":[{"href":"http:\/\/staging.ibermusicas.org\/index.php\/wp-json\/wp\/v2\/types\/post"}],"author":[{"embeddable":true,"href":"http:\/\/staging.ibermusicas.org\/index.php\/wp-json\/wp\/v2\/users\/1"}],"replies":[{"embeddable":true,"href":"http:\/\/staging.ibermusicas.org\/index.php\/wp-json\/wp\/v2\/comments?post=9848"}],"version-history":[{"count":1,"href":"http:\/\/staging.ibermusicas.org\/index.php\/wp-json\/wp\/v2\/posts\/9848\/revisions"}],"predecessor-version":[{"id":9850,"href":"http:\/\/staging.ibermusicas.org\/index.php\/wp-json\/wp\/v2\/posts\/9848\/revisions\/9850"}],"wp:featuredmedia":[{"embeddable":true,"href":"http:\/\/staging.ibermusicas.org\/index.php\/wp-json\/wp\/v2\/media\/9849"}],"wp:attachment":[{"href":"http:\/\/staging.ibermusicas.org\/index.php\/wp-json\/wp\/v2\/media?parent=9848"}],"wp:term":[{"taxonomy":"category","embeddable":true,"href":"http:\/\/staging.ibermusicas.org\/index.php\/wp-json\/wp\/v2\/categories?post=9848"},{"taxonomy":"post_tag","embeddable":true,"href":"http:\/\/staging.ibermusicas.org\/index.php\/wp-json\/wp\/v2\/tags?post=9848"}],"curies":[{"name":"wp","href":"https:\/\/api.w.org\/{rel}","templated":true}]}}