{"id":9851,"date":"2021-09-01T18:14:59","date_gmt":"2021-09-01T18:14:59","guid":{"rendered":"http:\/\/staging.ibermusicas.org\/?p=9851"},"modified":"2021-10-04T17:10:22","modified_gmt":"2021-10-04T17:10:22","slug":"o-coro-feminino-de-monterrey-mexico-se-apresentara-no-xx-festival-coral-internacional-de-medellin-colombia","status":"publish","type":"post","link":"http:\/\/staging.ibermusicas.org\/index.php\/o-coro-feminino-de-monterrey-mexico-se-apresentara-no-xx-festival-coral-internacional-de-medellin-colombia\/","title":{"rendered":"O Coro Feminino de Monterrey, M\u00e9xico se apresentar\u00e1 no XX Festival Coral Internacional de Medell\u00edn, Col\u00f4mbia"},"content":{"rendered":"<p>O Coro Feminino de Monterrey \u00e9 um grupo formado por m\u00fasicos profissionais e estudantes de m\u00fasica com interesse na difus\u00e3o de repert\u00f3rio coral para vozes iguais de diferentes \u00e9pocas, desde o s\u00e9culo XIII at\u00e9 nossos dias. Seus integrantes contam com experi\u00eancia na m\u00fasica de concerto, como solistas e como membros ativos de ensambles de c\u00e2mara.<\/p>\n<p>Seu repert\u00f3rio mostra um interesse especial na m\u00fasica coral do s\u00e9culo XX, na qual se destacam as recentes estreias das obras \u00abA rota das cores\u00bb e \u00abA ave que enfeiti\u00e7ava com seu canto\u00bb da compositora Itz\u00e1 Garc\u00eda, e o reestreno da \u00abSu\u00edte Buc\u00f3lica\u00bb de Ramiro Luis Guerra.<\/p>\n<p>O Coro Feminino se apresentou em concertos locais de Monterrey e sua \u00e1rea metropolitana, e participou de festivais nacionais (X Festival Internacional de Coros Puebla 2009, 1er Festival Internacional de coros Jalisco 2010, IV Festival Internacional de Coros de C\u00e1mara Estado de M\u00e9xico 2011, 1er Festival Internacional de Coros \u00abTlaxcala Canta\u00bb 2012, Festival internacional de coros Yucat\u00e1n em suas edi\u00e7\u00f5es de 2013 e 2016), e internacionais (VIII Festival Internacional de Coros \u00abEquador: Cantemos Unidos\u00bb Guayaquil, Equador).<\/p>\n<p>De 8 a 12 de setembro XX Festival Coral Internacional de Medell\u00edn Jos\u00e9 Mar\u00eda Bravo M\u00e1rquez<br \/>\n<a href=\"https:\/\/lt.mydplr.com\/b226838ab64d9b7e86ffe7e79a59f332-81868bec073b3970fa62af291f12b42d\" target=\"_blank\" rel=\"noopener\" data-saferedirecturl=\"https:\/\/www.google.com\/url?q=https:\/\/lt.mydplr.com\/b226838ab64d9b7e86ffe7e79a59f332-81868bec073b3970fa62af291f12b42d&amp;source=gmail&amp;ust=1630602838111000&amp;usg=AFQjCNHG2xi2fZJj5yTV1BC6PV4gbJeaYg\">facebook.com<\/a><\/p>\n","protected":false},"excerpt":{"rendered":"<p>O Coro Feminino de Monterrey \u00e9 um grupo formado por m\u00fasicos profissionais e estudantes de m\u00fasica com interesse na difus\u00e3o de repert\u00f3rio coral para vozes iguais de diferentes \u00e9pocas, desde o s\u00e9culo XIII at\u00e9 nossos dias. Seus integrantes contam com experi\u00eancia na m\u00fasica de concerto, como solistas e como membros ativos de ensambles de c\u00e2mara. [&hellip;]<\/p>\n","protected":false},"author":1,"featured_media":9849,"comment_status":"closed","ping_status":"closed","sticky":false,"template":"","format":"standard","meta":{"footnotes":""},"categories":[218],"tags":[],"class_list":["post-9851","post","type-post","status-publish","format-standard","has-post-thumbnail","hentry","category-noticias-generales-pt"],"lang":"pt","translations":{"pt":9851,"es":9848},"pll_sync_post":[],"post_mailing_queue_ids":[],"_links":{"self":[{"href":"http:\/\/staging.ibermusicas.org\/index.php\/wp-json\/wp\/v2\/posts\/9851","targetHints":{"allow":["GET"]}}],"collection":[{"href":"http:\/\/staging.ibermusicas.org\/index.php\/wp-json\/wp\/v2\/posts"}],"about":[{"href":"http:\/\/staging.ibermusicas.org\/index.php\/wp-json\/wp\/v2\/types\/post"}],"author":[{"embeddable":true,"href":"http:\/\/staging.ibermusicas.org\/index.php\/wp-json\/wp\/v2\/users\/1"}],"replies":[{"embeddable":true,"href":"http:\/\/staging.ibermusicas.org\/index.php\/wp-json\/wp\/v2\/comments?post=9851"}],"version-history":[{"count":1,"href":"http:\/\/staging.ibermusicas.org\/index.php\/wp-json\/wp\/v2\/posts\/9851\/revisions"}],"predecessor-version":[{"id":9852,"href":"http:\/\/staging.ibermusicas.org\/index.php\/wp-json\/wp\/v2\/posts\/9851\/revisions\/9852"}],"wp:featuredmedia":[{"embeddable":true,"href":"http:\/\/staging.ibermusicas.org\/index.php\/wp-json\/wp\/v2\/media\/9849"}],"wp:attachment":[{"href":"http:\/\/staging.ibermusicas.org\/index.php\/wp-json\/wp\/v2\/media?parent=9851"}],"wp:term":[{"taxonomy":"category","embeddable":true,"href":"http:\/\/staging.ibermusicas.org\/index.php\/wp-json\/wp\/v2\/categories?post=9851"},{"taxonomy":"post_tag","embeddable":true,"href":"http:\/\/staging.ibermusicas.org\/index.php\/wp-json\/wp\/v2\/tags?post=9851"}],"curies":[{"name":"wp","href":"https:\/\/api.w.org\/{rel}","templated":true}]}}