{"id":9853,"date":"2021-09-01T18:16:26","date_gmt":"2021-09-01T18:16:26","guid":{"rendered":"http:\/\/staging.ibermusicas.org\/?p=9853"},"modified":"2021-10-04T17:08:54","modified_gmt":"2021-10-04T17:08:54","slug":"naysha-de-peru-e-ivan-deiana-de-argentina-inician-su-ciclo-la-musica-en-la-historia-sudamericana","status":"publish","type":"post","link":"http:\/\/staging.ibermusicas.org\/index.php\/naysha-de-peru-e-ivan-deiana-de-argentina-inician-su-ciclo-la-musica-en-la-historia-sudamericana\/","title":{"rendered":"Naysha de Per\u00fa e Iv\u00e1n Deiana de Argentina inician su ciclo \u201cLa m\u00fasica en la historia sudamericana\u201d"},"content":{"rendered":"<p>Naysha e Iv\u00e1n Deiana son dos m\u00fasicos latinoamericanos que se unen para en busca de compartir un poco de la historia de sus pa\u00edses a trav\u00e9s de la m\u00fasica intentando encontrar m\u00e1s que diferencias e historias distintas, puntos de encuentro y hechos en com\u00fan, que finalmente nos hacen ser parte de un gran todo.<\/p>\n<p>Durante el mes de septiembre realizar\u00e1n una serie de 8 videos sobre 4 etapas distintas de la historia musical de Per\u00fa y Argentina, uno en el canal de cada artista.<\/p>\n<p>Naysha comenz\u00f3 su trayectoria musical con el d\u00fao Inti &amp; Killa junto a su padre en Ca\u00f1ete. A\u00f1os m\u00e1s tarde inicia su carrera como solista con el \u00e1lbum \u201cContra Viento y Marea\u201d. Tuvo una participaci\u00f3n especial en la clausura de los Juegos Panamericanos Lima 2019 y adem\u00e1s en la grabaci\u00f3n del tema \u201cDe Todos Para Todos\u201d, himno oficial de la Telet\u00f3n ese mismo a\u00f1o. Fue invitada al festival internacional HAY Festival en Arequipa, en un conversatorio junto a los tambi\u00e9n compositores Lucho Quequezana y Pedro Rodr\u00edguez. Inici\u00f3 el 2020 con el estreno de la tuntuna \u201cBaila\u201d en colaboraci\u00f3n con la escuela de danzas Qamwan Per\u00fa, adem\u00e1s, realiz\u00f3 una colaboraci\u00f3n con el proyecto de empoderamiento femenino \u201cMujer Caporal\u201d. En abril 2021, y en homenaje al D\u00eda Internacional de la Tierra, estren\u00f3 el single \u201cAitanaji\u201d que en lengua ash\u00e1ninka significa \u201cYa basta\u201d, para hacer un llamado a la reflexi\u00f3n sobre nuestra relaci\u00f3n con la naturaleza y teniendo como participantes a personas de la comunidad nativa Boca Capirushari en Mazamari. Actualmente se encuentra produciendo su tercer disco de estudio.<\/p>\n<p>Ivan Deiana es un artista multidisciplinario (m\u00fasica, fotograf\u00eda y escritura). Curs\u00f3 sus estudios superiores en la Escuela de M\u00fasica de Buenos Aires (EMBA) y fotoperiodismo en la Asociaci\u00f3n de Reporteros Gr\u00e1ficos de la Rep\u00fablica Argentina (ARGRA). Entre sus m\u00faltiples reconocimientos fue finalista en el Dummy Award del festival Fotograf\u00eda Documental de DocField Barcelona 2018. Adem\u00e1s, fue expuesto en la fundaci\u00f3n FotoColectania en la misma ciudad. Actualmente es asistente de fotograf\u00eda y producci\u00f3n del artista visual Nicol\u00e1s Janowski. En el campo musical estuvo a cargo de la composici\u00f3n del proyecto \u00abLa inteligencia de las flores\u00bb, sobre la regularizaci\u00f3n del cannabis en Uruguay apoyado por la Open Society Fundations. Forma parte de los proyectos Olvid\u00e9 San Telmo (donde tambi\u00e9n realiza el contenido audiovisual) y su proyecto \u00abClases de Charango\u00bb en Youtube.<\/p>\n<p>Mi\u00e9rcoles 1ero, 8, 15 y 22 de septiembre 18 hs. (Per\u00fa), 20 hs. (Argentina)<\/p>\n<p><a href=\"https:\/\/lt.mydplr.com\/1ec3c8efd3c668f64f7b090df60bc784-81868bec073b3970fa62af291f12b42d\" target=\"_blank\" rel=\"noopener\" data-saferedirecturl=\"https:\/\/www.google.com\/url?q=https:\/\/lt.mydplr.com\/1ec3c8efd3c668f64f7b090df60bc784-81868bec073b3970fa62af291f12b42d&amp;source=gmail&amp;ust=1630602838111000&amp;usg=AFQjCNGnyON3iuZV54XCvhyFfE8tnnoNow\">youtube.com<\/a><br \/>\n<a href=\"https:\/\/lt.mydplr.com\/1dcfa2e1fa49e5bc1db8ac7bd5800f7b-81868bec073b3970fa62af291f12b42d\" target=\"_blank\" rel=\"noopener\" data-saferedirecturl=\"https:\/\/www.google.com\/url?q=https:\/\/lt.mydplr.com\/1dcfa2e1fa49e5bc1db8ac7bd5800f7b-81868bec073b3970fa62af291f12b42d&amp;source=gmail&amp;ust=1630602838111000&amp;usg=AFQjCNHX9zO3AtXEy9E8F09Fu89utwetRg\">youtube.com<\/a><\/p>\n","protected":false},"excerpt":{"rendered":"<p>Naysha e Iv\u00e1n Deiana son dos m\u00fasicos latinoamericanos que se unen para en busca de compartir un poco de la historia de sus pa\u00edses a trav\u00e9s de la m\u00fasica intentando encontrar m\u00e1s que diferencias e historias distintas, puntos de encuentro y hechos en com\u00fan, que finalmente nos hacen ser parte de un gran todo. Durante [&hellip;]<\/p>\n","protected":false},"author":1,"featured_media":9854,"comment_status":"closed","ping_status":"closed","sticky":false,"template":"","format":"standard","meta":{"footnotes":""},"categories":[53],"tags":[],"class_list":["post-9853","post","type-post","status-publish","format-standard","has-post-thumbnail","hentry","category-noticias-generales"],"lang":"es","translations":{"es":9853,"pt":9856},"pll_sync_post":[],"post_mailing_queue_ids":[],"_links":{"self":[{"href":"http:\/\/staging.ibermusicas.org\/index.php\/wp-json\/wp\/v2\/posts\/9853","targetHints":{"allow":["GET"]}}],"collection":[{"href":"http:\/\/staging.ibermusicas.org\/index.php\/wp-json\/wp\/v2\/posts"}],"about":[{"href":"http:\/\/staging.ibermusicas.org\/index.php\/wp-json\/wp\/v2\/types\/post"}],"author":[{"embeddable":true,"href":"http:\/\/staging.ibermusicas.org\/index.php\/wp-json\/wp\/v2\/users\/1"}],"replies":[{"embeddable":true,"href":"http:\/\/staging.ibermusicas.org\/index.php\/wp-json\/wp\/v2\/comments?post=9853"}],"version-history":[{"count":1,"href":"http:\/\/staging.ibermusicas.org\/index.php\/wp-json\/wp\/v2\/posts\/9853\/revisions"}],"predecessor-version":[{"id":9855,"href":"http:\/\/staging.ibermusicas.org\/index.php\/wp-json\/wp\/v2\/posts\/9853\/revisions\/9855"}],"wp:featuredmedia":[{"embeddable":true,"href":"http:\/\/staging.ibermusicas.org\/index.php\/wp-json\/wp\/v2\/media\/9854"}],"wp:attachment":[{"href":"http:\/\/staging.ibermusicas.org\/index.php\/wp-json\/wp\/v2\/media?parent=9853"}],"wp:term":[{"taxonomy":"category","embeddable":true,"href":"http:\/\/staging.ibermusicas.org\/index.php\/wp-json\/wp\/v2\/categories?post=9853"},{"taxonomy":"post_tag","embeddable":true,"href":"http:\/\/staging.ibermusicas.org\/index.php\/wp-json\/wp\/v2\/tags?post=9853"}],"curies":[{"name":"wp","href":"https:\/\/api.w.org\/{rel}","templated":true}]}}