{"id":9856,"date":"2021-09-01T18:17:43","date_gmt":"2021-09-01T18:17:43","guid":{"rendered":"http:\/\/staging.ibermusicas.org\/?p=9856"},"modified":"2021-10-04T17:10:17","modified_gmt":"2021-10-04T17:10:17","slug":"naysha-do-peru-e-ivan-deiana-da-argentina-iniciam-seu-ciclo-a-musica-na-historia-sul-americana","status":"publish","type":"post","link":"http:\/\/staging.ibermusicas.org\/index.php\/naysha-do-peru-e-ivan-deiana-da-argentina-iniciam-seu-ciclo-a-musica-na-historia-sul-americana\/","title":{"rendered":"Naysha do Peru e Ivan Deiana da Argentina iniciam seu ciclo \u00abA m\u00fasica na hist\u00f3ria sul-americana\u00bb"},"content":{"rendered":"<p>Naysha e Ivan Deiana s\u00e3o dois m\u00fasicos latino-americanos que se unem em busca de compartilhar um pouco da hist\u00f3ria de seus pa\u00edses atrav\u00e9s da m\u00fasica tentando encontrar mais do que diferen\u00e7as e hist\u00f3rias diferentes, pontos de encontro e fatos em comum, que finalmente nos fazem parte de um grande todo.<\/p>\n<p>Durante o m\u00eas de setembro realizar\u00e3o uma s\u00e9rie de 8 v\u00eddeos sobre 4 etapas distintas da hist\u00f3ria musical do Peru e da Argentina, um no canal de cada artista.<\/p>\n<p>Naysha iniciou sua trajet\u00f3ria musical com o duo Inti &amp; Killa junto a seu pai em Ca\u00f1ete. Anos mais tarde, come\u00e7a sua carreira sola com o \u00e1lbum \u00abContra o Vento e a Mar\u00e9\u00bb. Teve uma participa\u00e7\u00e3o especial no encerramento dos Jogos Pan-Americanos Lima 2019 e tamb\u00e9m na grava\u00e7\u00e3o do tema \u00abDe Todos Para Todos\u00bb, hino oficial da Teleton nesse mesmo ano. Foi convidada para o festival internacional HAY Festival em Arequipa, em uma conversa com os tamb\u00e9m compositores Lucho Quequezana e Pedro Rodr\u00edguez. Iniciou em 2020 com a estreia da tuntuna \u00abBaila\u00bb em colabora\u00e7\u00e3o com a escola de dan\u00e7a Qamwan Peru, al\u00e9m disso, realizou uma colabora\u00e7\u00e3o com o projeto de empoderamento feminino \u00abMujer Caporal\u00bb. Em abril 2021, e em homenagem ao Dia Internacional da Terra, estreou o single \u00abAitanaji\u00bb que em l\u00edngua Ash\u00e1ninka significa \u00abJ\u00e1 basta\u00bb, para fazer um apelo \u00e0 reflex\u00e3o sobre a nossa rela\u00e7\u00e3o com a natureza e tendo como participantes pessoas da comunidade nativa Boca Capirushari em Mazamari. Atualmente est\u00e1 produzindo seu terceiro disco de estudo.<\/p>\n<p>Ivan Deiana \u00e9 um artista multidisciplinar (m\u00fasica, fotografia e escrita). Cursou seus estudos superiores na Escola de M\u00fasica de Buenos Aires (EMBA) e fotojornalismo na Associa\u00e7\u00e3o de Rep\u00f3rteres Gr\u00e1ficos da Rep\u00fablica Argentina (ARGRA). Entre seus v\u00e1rios reconhecimentos, ela foi finalista no Dummy Award do DocField Barcelona, Festival de Fotografia Documental de 2018. Al\u00e9m disso, foi exposto na funda\u00e7\u00e3o FotoColectania na mesma cidade. Atualmente \u00e9 assistente de fotografia e produ\u00e7\u00e3o do artista visual Nicol\u00e1s Janowski. No campo musical esteve a cargo da composi\u00e7\u00e3o do projeto \u00abA intelig\u00eancia das flores\u00bb, sobre a regulariza\u00e7\u00e3o da cannabis no Uruguai apoiado pela Open Society Fundations. Faz parte dos projetos Olvid\u00e9 San Telmo (onde tamb\u00e9m realiza o conte\u00fado audiovisual) e seu projeto \u00abAulas de Charango\u00bb no Youtube.<\/p>\n<p>Quarta-feira 1, 8, 15 e 22 de setembro 18 hs. (Peru) , 20 hs. (Argentina)<br \/>\n<a href=\"https:\/\/lt.mydplr.com\/1ec3c8efd3c668f64f7b090df60bc784-81868bec073b3970fa62af291f12b42d\" target=\"_blank\" rel=\"noopener\" data-saferedirecturl=\"https:\/\/www.google.com\/url?q=https:\/\/lt.mydplr.com\/1ec3c8efd3c668f64f7b090df60bc784-81868bec073b3970fa62af291f12b42d&amp;source=gmail&amp;ust=1630602838111000&amp;usg=AFQjCNGnyON3iuZV54XCvhyFfE8tnnoNow\">youtube.com<\/a><br \/>\n<a href=\"https:\/\/lt.mydplr.com\/1dcfa2e1fa49e5bc1db8ac7bd5800f7b-81868bec073b3970fa62af291f12b42d\" target=\"_blank\" rel=\"noopener\" data-saferedirecturl=\"https:\/\/www.google.com\/url?q=https:\/\/lt.mydplr.com\/1dcfa2e1fa49e5bc1db8ac7bd5800f7b-81868bec073b3970fa62af291f12b42d&amp;source=gmail&amp;ust=1630602838111000&amp;usg=AFQjCNHX9zO3AtXEy9E8F09Fu89utwetRg\">youtube.com<\/a><\/p>\n","protected":false},"excerpt":{"rendered":"<p>Naysha e Ivan Deiana s\u00e3o dois m\u00fasicos latino-americanos que se unem em busca de compartilhar um pouco da hist\u00f3ria de seus pa\u00edses atrav\u00e9s da m\u00fasica tentando encontrar mais do que diferen\u00e7as e hist\u00f3rias diferentes, pontos de encontro e fatos em comum, que finalmente nos fazem parte de um grande todo. Durante o m\u00eas de setembro [&hellip;]<\/p>\n","protected":false},"author":1,"featured_media":9854,"comment_status":"closed","ping_status":"closed","sticky":false,"template":"","format":"standard","meta":{"footnotes":""},"categories":[218],"tags":[],"class_list":["post-9856","post","type-post","status-publish","format-standard","has-post-thumbnail","hentry","category-noticias-generales-pt"],"lang":"pt","translations":{"pt":9856,"es":9853},"pll_sync_post":[],"post_mailing_queue_ids":[],"_links":{"self":[{"href":"http:\/\/staging.ibermusicas.org\/index.php\/wp-json\/wp\/v2\/posts\/9856","targetHints":{"allow":["GET"]}}],"collection":[{"href":"http:\/\/staging.ibermusicas.org\/index.php\/wp-json\/wp\/v2\/posts"}],"about":[{"href":"http:\/\/staging.ibermusicas.org\/index.php\/wp-json\/wp\/v2\/types\/post"}],"author":[{"embeddable":true,"href":"http:\/\/staging.ibermusicas.org\/index.php\/wp-json\/wp\/v2\/users\/1"}],"replies":[{"embeddable":true,"href":"http:\/\/staging.ibermusicas.org\/index.php\/wp-json\/wp\/v2\/comments?post=9856"}],"version-history":[{"count":1,"href":"http:\/\/staging.ibermusicas.org\/index.php\/wp-json\/wp\/v2\/posts\/9856\/revisions"}],"predecessor-version":[{"id":9857,"href":"http:\/\/staging.ibermusicas.org\/index.php\/wp-json\/wp\/v2\/posts\/9856\/revisions\/9857"}],"wp:featuredmedia":[{"embeddable":true,"href":"http:\/\/staging.ibermusicas.org\/index.php\/wp-json\/wp\/v2\/media\/9854"}],"wp:attachment":[{"href":"http:\/\/staging.ibermusicas.org\/index.php\/wp-json\/wp\/v2\/media?parent=9856"}],"wp:term":[{"taxonomy":"category","embeddable":true,"href":"http:\/\/staging.ibermusicas.org\/index.php\/wp-json\/wp\/v2\/categories?post=9856"},{"taxonomy":"post_tag","embeddable":true,"href":"http:\/\/staging.ibermusicas.org\/index.php\/wp-json\/wp\/v2\/tags?post=9856"}],"curies":[{"name":"wp","href":"https:\/\/api.w.org\/{rel}","templated":true}]}}