{"id":9858,"date":"2021-09-01T18:19:17","date_gmt":"2021-09-01T18:19:17","guid":{"rendered":"http:\/\/staging.ibermusicas.org\/?p=9858"},"modified":"2021-10-04T17:08:47","modified_gmt":"2021-10-04T17:08:47","slug":"la-violoncelista-y-compositora-argentina-violeta-garcia-culmina-su-residencia-konvent-zero-en-barcelona-espana","status":"publish","type":"post","link":"http:\/\/staging.ibermusicas.org\/index.php\/la-violoncelista-y-compositora-argentina-violeta-garcia-culmina-su-residencia-konvent-zero-en-barcelona-espana\/","title":{"rendered":"La violoncelista y compositora argentina Violeta Garc\u00eda culmina su residencia Konvent Zero en Barcelona, Espa\u00f1a"},"content":{"rendered":"<p>Violeta Garc\u00eda es violoncelista, compositora e improvisadora con conocimientos musicales ecl\u00e9cticos. Licenciada en Artes Musicales de la UNA (Universidad Nacional de Artes de Argentina). Su b\u00fasqueda art\u00edstica se basa en la exploraci\u00f3n de los l\u00edmites sonoros de su instrumento y de todo lo que la rodea. Su obra se centra en una fuerte exploraci\u00f3n del ruido ac\u00fastico y en performances cargadas de lo visceral y el desborde. Actualmente se encuentra realizando un trabajo expandido combinando sonidos ac\u00fasticos\/el\u00e9ctricos con el dise\u00f1o sonoro experimental.<\/p>\n<p>Fue seleccionada en diversas residencias internacionales: Art Omi en Nueva York, Fondo Nacional de las Artes en Campus Musical de Bariloche, Art Basel en el Faena Art Center con Naama Tsbar (Israel), M\u00fasica Maestra en el CCK de Buenos Aries. Toc\u00f3 con reconocidos artistas de la escena de la improvisaci\u00f3n libre y la m\u00fasica experimental en diversas ciudades del mundo. Trabaj\u00f3 en la Compa\u00f1\u00eda Nacional de Danza Contempor\u00e1nea de Buenos Aires y la Compa\u00f1\u00eda de Teatro Reverso de Uruguay.<\/p>\n<p>En el 2016 fund\u00f3 un sello dedicado a la publicaci\u00f3n de m\u00fasica nueva y experimental latinoamericana llamado TVL-REC. En paralelo, desde el mismo a\u00f1o es curadora del ciclo de m\u00fasica experimental llamado \u201cTe Ver\u00e9 Llorar\u201d en la ciudad de Buenos Aires y diferentes pa\u00edses de Sudam\u00e9rica y co-produce junto al ciclo RUIDO y Experimental Sounds Studio (Chicago) el \u201cStreaming Fest\u201d dedicado a conciertos internacionales.<\/p>\n<p>Durante su residencia art\u00edstica en Konvent Zero trabaj\u00f3 en la composici\u00f3n de una obra-instalacio\u0301n sonora para violoncelo, field-recordings y esculturas sonoras creadas alli\u0301 mediante un sistema de amplificaci\u00f3n cuadraf\u00f3nica de hilos, y por otro lado el violoncello como un objeto m\u00e1s de la instalaci\u00f3n flotando en el espacio e interactuando mediante feedbacks y procesamientos electr\u00f3nicos programados desde grabaciones previas creando un espacio h\u00edbrido.<\/p>\n<p>\u201cPensar al arte como una herramienta transformadora en constante reconstruccio\u0301n. Me interesa poder llevar al li\u0301mite mi corporalidad y las diversas te\u0301cnicas que uso como violoncelista en escena. Poder experimentar y reinventarme hasta llegar a nuevos universos sonoros, del lenguaje, nuevas te\u0301cnicas del instrumento y de mi lenguaje como compositora\u201d.<\/p>\n","protected":false},"excerpt":{"rendered":"<p>Violeta Garc\u00eda es violoncelista, compositora e improvisadora con conocimientos musicales ecl\u00e9cticos. Licenciada en Artes Musicales de la UNA (Universidad Nacional de Artes de Argentina). Su b\u00fasqueda art\u00edstica se basa en la exploraci\u00f3n de los l\u00edmites sonoros de su instrumento y de todo lo que la rodea. Su obra se centra en una fuerte exploraci\u00f3n del [&hellip;]<\/p>\n","protected":false},"author":1,"featured_media":9859,"comment_status":"closed","ping_status":"closed","sticky":false,"template":"","format":"standard","meta":{"footnotes":""},"categories":[53],"tags":[],"class_list":["post-9858","post","type-post","status-publish","format-standard","has-post-thumbnail","hentry","category-noticias-generales"],"lang":"es","translations":{"es":9858,"pt":9861},"pll_sync_post":[],"post_mailing_queue_ids":[],"_links":{"self":[{"href":"http:\/\/staging.ibermusicas.org\/index.php\/wp-json\/wp\/v2\/posts\/9858","targetHints":{"allow":["GET"]}}],"collection":[{"href":"http:\/\/staging.ibermusicas.org\/index.php\/wp-json\/wp\/v2\/posts"}],"about":[{"href":"http:\/\/staging.ibermusicas.org\/index.php\/wp-json\/wp\/v2\/types\/post"}],"author":[{"embeddable":true,"href":"http:\/\/staging.ibermusicas.org\/index.php\/wp-json\/wp\/v2\/users\/1"}],"replies":[{"embeddable":true,"href":"http:\/\/staging.ibermusicas.org\/index.php\/wp-json\/wp\/v2\/comments?post=9858"}],"version-history":[{"count":1,"href":"http:\/\/staging.ibermusicas.org\/index.php\/wp-json\/wp\/v2\/posts\/9858\/revisions"}],"predecessor-version":[{"id":9860,"href":"http:\/\/staging.ibermusicas.org\/index.php\/wp-json\/wp\/v2\/posts\/9858\/revisions\/9860"}],"wp:featuredmedia":[{"embeddable":true,"href":"http:\/\/staging.ibermusicas.org\/index.php\/wp-json\/wp\/v2\/media\/9859"}],"wp:attachment":[{"href":"http:\/\/staging.ibermusicas.org\/index.php\/wp-json\/wp\/v2\/media?parent=9858"}],"wp:term":[{"taxonomy":"category","embeddable":true,"href":"http:\/\/staging.ibermusicas.org\/index.php\/wp-json\/wp\/v2\/categories?post=9858"},{"taxonomy":"post_tag","embeddable":true,"href":"http:\/\/staging.ibermusicas.org\/index.php\/wp-json\/wp\/v2\/tags?post=9858"}],"curies":[{"name":"wp","href":"https:\/\/api.w.org\/{rel}","templated":true}]}}