{"id":9861,"date":"2021-09-01T18:20:34","date_gmt":"2021-09-01T18:20:34","guid":{"rendered":"http:\/\/staging.ibermusicas.org\/?p=9861"},"modified":"2021-10-04T17:10:11","modified_gmt":"2021-10-04T17:10:11","slug":"a-violoncelista-e-compositora-argentina-violeta-garcia-culmina-sua-residencia-konvent-zero-em-barcelona-espanha","status":"publish","type":"post","link":"http:\/\/staging.ibermusicas.org\/index.php\/a-violoncelista-e-compositora-argentina-violeta-garcia-culmina-sua-residencia-konvent-zero-em-barcelona-espanha\/","title":{"rendered":"A violoncelista e compositora argentina Violeta Garc\u00eda culmina sua resid\u00eancia Konvent Zero em Barcelona, Espanha"},"content":{"rendered":"<p>Violeta Garc\u00eda \u00e9 violoncelista, compositora e improvisadora com conhecimentos musicais ecl\u00e9ticos. Licenciada em Artes Musicais da UNA (Universidade Nacional de Artes da Argentina). A sua busca art\u00edstica baseia-se na explora\u00e7\u00e3o dos limites sonoros do seu instrumento e de tudo o que o rodeia. A sua obra centra-se numa forte explora\u00e7\u00e3o do ru\u00eddo ac\u00fastico e em atua\u00e7\u00f5es carregadas do visceral e do desborde. Atualmente est\u00e1 realizando um trabalho expandido combinando sons ac\u00fasticos\/el\u00e9tricos com o design sonoro experimental.<\/p>\n<p>Foi selecionada em diversas resid\u00eancias internacionais: Art Omi em Nova York, Fundo Nacional das Artes em Campus Musical de Bariloche, Art Basel no Faena Art Center com Naama Tsbar (Israel), M\u00fasica Mestra no CCK do Buenos Aires. Ele tocou com artistas famosos da cena da improvisa\u00e7\u00e3o livre e m\u00fasica experimental em v\u00e1rias cidades do mundo. Trabalhou na Companhia Nacional de Dan\u00e7a Contempor\u00e2nea de Buenos Aires e na Companhia de Teatro Reverso do Uruguai.<\/p>\n<p>Em 2016 fundou uma gravadora dedicada \u00e0 publica\u00e7\u00e3o de m\u00fasica nova e experimental latino-americana chamada TVL-REC. Em paralelo, desde o mesmo ano \u00e9 curadora do ciclo de m\u00fasica experimental chamado \u00abTe Vere Llorar\u00bb na cidade de Buenos Aires e diferentes pa\u00edses da Am\u00e9rica do Sul e co-produz junto ao ciclo RU\u00cdDO e Experimental Sounds Studio (Chicago) o \u00abStreaming Fest\u00bb dedicado a concertos internacionais.<\/p>\n<p>Durante sua resid\u00eancia art\u00edstica em Konvent Zero trabalhou na composi\u00e7\u00e3o de uma obra-instala\u00e7\u00e3o sonora para violoncelo, field-Recordings e esculturas sonoras criadas ali mediante um sistema de amplifica\u00e7\u00e3o quadraf\u00f3nica de fios, e por outro lado o violoncelo como um objeto mais da instala\u00e7\u00e3o flutuando no espa\u00e7o e interagindo mediante feedbacks e processamentos eletr\u00f4nicos programados desde grava\u00e7\u00f5es pr\u00e9vias criando um espa\u00e7o h\u00edbrido.<\/p>\n<p>\u00abPensar a arte como uma ferramenta transformadora em constante reconstru\u00e7\u00e3o. Me interessa poder levar ao limite minha corporalidade e as diversas t\u00e9cnicas que uso como violoncelista em cena. Poder experimentar e reinventar-me at\u00e9 chegar a novos universos sonoros, da linguagem, novas t\u00e9cnicas do instrumento e da minha linguagem como compositora\u00bb.<\/p>\n","protected":false},"excerpt":{"rendered":"<p>Violeta Garc\u00eda \u00e9 violoncelista, compositora e improvisadora com conhecimentos musicais ecl\u00e9ticos. Licenciada em Artes Musicais da UNA (Universidade Nacional de Artes da Argentina). A sua busca art\u00edstica baseia-se na explora\u00e7\u00e3o dos limites sonoros do seu instrumento e de tudo o que o rodeia. A sua obra centra-se numa forte explora\u00e7\u00e3o do ru\u00eddo ac\u00fastico e em [&hellip;]<\/p>\n","protected":false},"author":1,"featured_media":9859,"comment_status":"closed","ping_status":"closed","sticky":false,"template":"","format":"standard","meta":{"footnotes":""},"categories":[218],"tags":[],"class_list":["post-9861","post","type-post","status-publish","format-standard","has-post-thumbnail","hentry","category-noticias-generales-pt"],"lang":"pt","translations":{"pt":9861,"es":9858},"pll_sync_post":[],"post_mailing_queue_ids":[],"_links":{"self":[{"href":"http:\/\/staging.ibermusicas.org\/index.php\/wp-json\/wp\/v2\/posts\/9861","targetHints":{"allow":["GET"]}}],"collection":[{"href":"http:\/\/staging.ibermusicas.org\/index.php\/wp-json\/wp\/v2\/posts"}],"about":[{"href":"http:\/\/staging.ibermusicas.org\/index.php\/wp-json\/wp\/v2\/types\/post"}],"author":[{"embeddable":true,"href":"http:\/\/staging.ibermusicas.org\/index.php\/wp-json\/wp\/v2\/users\/1"}],"replies":[{"embeddable":true,"href":"http:\/\/staging.ibermusicas.org\/index.php\/wp-json\/wp\/v2\/comments?post=9861"}],"version-history":[{"count":1,"href":"http:\/\/staging.ibermusicas.org\/index.php\/wp-json\/wp\/v2\/posts\/9861\/revisions"}],"predecessor-version":[{"id":9862,"href":"http:\/\/staging.ibermusicas.org\/index.php\/wp-json\/wp\/v2\/posts\/9861\/revisions\/9862"}],"wp:featuredmedia":[{"embeddable":true,"href":"http:\/\/staging.ibermusicas.org\/index.php\/wp-json\/wp\/v2\/media\/9859"}],"wp:attachment":[{"href":"http:\/\/staging.ibermusicas.org\/index.php\/wp-json\/wp\/v2\/media?parent=9861"}],"wp:term":[{"taxonomy":"category","embeddable":true,"href":"http:\/\/staging.ibermusicas.org\/index.php\/wp-json\/wp\/v2\/categories?post=9861"},{"taxonomy":"post_tag","embeddable":true,"href":"http:\/\/staging.ibermusicas.org\/index.php\/wp-json\/wp\/v2\/tags?post=9861"}],"curies":[{"name":"wp","href":"https:\/\/api.w.org\/{rel}","templated":true}]}}