{"id":9868,"date":"2021-09-01T18:24:21","date_gmt":"2021-09-01T18:24:21","guid":{"rendered":"http:\/\/staging.ibermusicas.org\/?p=9868"},"modified":"2021-10-04T16:56:51","modified_gmt":"2021-10-04T16:56:51","slug":"desde-mexico-y-costa-rica-llega-la-ultima-de-las-tres-veladas-virtuales-en-este-caso-enteramente-dedicada-a-la-musica-vocal-de-autores-mexicanos","status":"publish","type":"post","link":"http:\/\/staging.ibermusicas.org\/index.php\/desde-mexico-y-costa-rica-llega-la-ultima-de-las-tres-veladas-virtuales-en-este-caso-enteramente-dedicada-a-la-musica-vocal-de-autores-mexicanos\/","title":{"rendered":"Desde M\u00e9xico y Costa Rica llega la \u00faltima de las tres \u201cVeladas Virtuales\u201d, en este caso enteramente dedicada a la m\u00fasica vocal de autores mexicanos"},"content":{"rendered":"<p>El bar\u00edtono Ricardo L\u00f3pez, el pianista Sergio V\u00e1zquez y el presentador<\/p>\n<p>Francisco M\u00e9ndez Padilla llevan adelante \u201cVeladas Virtuales\u201d, una serie de ca\u0301psulas virtuales en donde se aborda un repertorio vocal de ca\u0301mara complementado con datos sumamente interesantes en la voz del Mtro. Francisco Me\u0301ndez Padilla como presentador. Estas veladas son realizadas en un formato radiofo\u0301nico-virtual en donde el presentador introduce al p\u00fablico al mundo de la mu\u0301sica vocal de c\u00e1mara.<\/p>\n<p>Estas tres veladas est\u00e1n dedicadas a la m\u00fasica iberoamericana: Espa\u00f1a, Latinoamerica y M\u00e9xico. A este mes de septiembre corresponde la Velada Mexicana con un programa que incluye obras de Miguel Lerdo de Tejada, Manuel M. Ponce, Ignacio Fern\u00e1ndez Esperon, Agust\u00edn Lara y Mario Ru\u00edz Armengol.<\/p>\n<p>jueves 16 de septiembre 18:00 hs (M\u00e9xico y Costa Rica)<\/p>\n<p><a href=\"https:\/\/lt.mydplr.com\/67bc90bad08ce18535fbb56a5e20c26a-81868bec073b3970fa62af291f12b42d\" target=\"_blank\" rel=\"noopener\" data-saferedirecturl=\"https:\/\/www.google.com\/url?q=https:\/\/lt.mydplr.com\/67bc90bad08ce18535fbb56a5e20c26a-81868bec073b3970fa62af291f12b42d&amp;source=gmail&amp;ust=1630602838112000&amp;usg=AFQjCNECbavo3CVspEia3ixx8qkyD4rU4Q\">Facebook.com<\/a><\/p>\n","protected":false},"excerpt":{"rendered":"<p>El bar\u00edtono Ricardo L\u00f3pez, el pianista Sergio V\u00e1zquez y el presentador Francisco M\u00e9ndez Padilla llevan adelante \u201cVeladas Virtuales\u201d, una serie de ca\u0301psulas virtuales en donde se aborda un repertorio vocal de ca\u0301mara complementado con datos sumamente interesantes en la voz del Mtro. Francisco Me\u0301ndez Padilla como presentador. Estas veladas son realizadas en un formato radiofo\u0301nico-virtual [&hellip;]<\/p>\n","protected":false},"author":1,"featured_media":9869,"comment_status":"closed","ping_status":"closed","sticky":false,"template":"","format":"standard","meta":{"footnotes":""},"categories":[53],"tags":[],"class_list":["post-9868","post","type-post","status-publish","format-standard","has-post-thumbnail","hentry","category-noticias-generales"],"lang":"es","translations":{"es":9868,"pt":9871},"pll_sync_post":[],"post_mailing_queue_ids":[],"_links":{"self":[{"href":"http:\/\/staging.ibermusicas.org\/index.php\/wp-json\/wp\/v2\/posts\/9868","targetHints":{"allow":["GET"]}}],"collection":[{"href":"http:\/\/staging.ibermusicas.org\/index.php\/wp-json\/wp\/v2\/posts"}],"about":[{"href":"http:\/\/staging.ibermusicas.org\/index.php\/wp-json\/wp\/v2\/types\/post"}],"author":[{"embeddable":true,"href":"http:\/\/staging.ibermusicas.org\/index.php\/wp-json\/wp\/v2\/users\/1"}],"replies":[{"embeddable":true,"href":"http:\/\/staging.ibermusicas.org\/index.php\/wp-json\/wp\/v2\/comments?post=9868"}],"version-history":[{"count":1,"href":"http:\/\/staging.ibermusicas.org\/index.php\/wp-json\/wp\/v2\/posts\/9868\/revisions"}],"predecessor-version":[{"id":9870,"href":"http:\/\/staging.ibermusicas.org\/index.php\/wp-json\/wp\/v2\/posts\/9868\/revisions\/9870"}],"wp:featuredmedia":[{"embeddable":true,"href":"http:\/\/staging.ibermusicas.org\/index.php\/wp-json\/wp\/v2\/media\/9869"}],"wp:attachment":[{"href":"http:\/\/staging.ibermusicas.org\/index.php\/wp-json\/wp\/v2\/media?parent=9868"}],"wp:term":[{"taxonomy":"category","embeddable":true,"href":"http:\/\/staging.ibermusicas.org\/index.php\/wp-json\/wp\/v2\/categories?post=9868"},{"taxonomy":"post_tag","embeddable":true,"href":"http:\/\/staging.ibermusicas.org\/index.php\/wp-json\/wp\/v2\/tags?post=9868"}],"curies":[{"name":"wp","href":"https:\/\/api.w.org\/{rel}","templated":true}]}}