{"id":9871,"date":"2021-09-01T18:25:30","date_gmt":"2021-09-01T18:25:30","guid":{"rendered":"http:\/\/staging.ibermusicas.org\/?p=9871"},"modified":"2021-10-04T17:10:05","modified_gmt":"2021-10-04T17:10:05","slug":"do-mexico-e-da-costa-rica-chega-a-ultima-das-tres-veladas-virtuais-neste-caso-inteiramente-dedicada-a-musica-vocal-de-autores-mexicanos","status":"publish","type":"post","link":"http:\/\/staging.ibermusicas.org\/index.php\/do-mexico-e-da-costa-rica-chega-a-ultima-das-tres-veladas-virtuais-neste-caso-inteiramente-dedicada-a-musica-vocal-de-autores-mexicanos\/","title":{"rendered":"Do M\u00e9xico e da Costa Rica chega a \u00faltima das tr\u00eas \u00abVeladas Virtuais\u00bb, neste caso inteiramente dedicada \u00e0 m\u00fasica vocal de autores mexicanos"},"content":{"rendered":"<p>O bar\u00edtono Ricardo L\u00f3pez, o pianista Sergio V\u00e1zquez e o apresentador<\/p>\n<p>Francisco M\u00e9ndez Padilla levam adiante \u00abVeladas Virtuais\u00bb, uma s\u00e9rie de c\u00e1psulas virtuais onde se aborda um repert\u00f3rio vocal de c\u00e2mera complementado com dados sumamente interessantes na voz do Mtro. Francisco Mendez Padilla como apresentador. Estos ser\u00f5es s\u00e3o realizados em um formato radiof\u00f4nico-virtual onde o apresentador introduz o p\u00fablico ao mundo da m\u00fasica vocal de c\u00e2mera.<\/p>\n<p>Estas tr\u00eas noites s\u00e3o dedicadas \u00e0 m\u00fasica ibero-americana: Espanha, Am\u00e9rica Latina e M\u00e9xico. A este m\u00eas de setembro corresponde a Velada Mexicana com um programa que inclui obras de Miguel Lerdo de Tejada, Manuel M. Ponce, Ignacio Fern\u00e1ndez Esperon, Agust\u00edn Lara e Mario Ru\u00edz Armengol.<\/p>\n<p>Quinta-feira 16 de setembro 18:00 hs (M\u00e9xico e Costa Rica<\/p>\n<p><a href=\"https:\/\/lt.mydplr.com\/67bc90bad08ce18535fbb56a5e20c26a-81868bec073b3970fa62af291f12b42d\" target=\"_blank\" rel=\"noopener\" data-saferedirecturl=\"https:\/\/www.google.com\/url?q=https:\/\/lt.mydplr.com\/67bc90bad08ce18535fbb56a5e20c26a-81868bec073b3970fa62af291f12b42d&amp;source=gmail&amp;ust=1630602838112000&amp;usg=AFQjCNECbavo3CVspEia3ixx8qkyD4rU4Q\">Facebook.com<\/a><\/p>\n","protected":false},"excerpt":{"rendered":"<p>O bar\u00edtono Ricardo L\u00f3pez, o pianista Sergio V\u00e1zquez e o apresentador Francisco M\u00e9ndez Padilla levam adiante \u00abVeladas Virtuais\u00bb, uma s\u00e9rie de c\u00e1psulas virtuais onde se aborda um repert\u00f3rio vocal de c\u00e2mera complementado com dados sumamente interessantes na voz do Mtro. Francisco Mendez Padilla como apresentador. Estos ser\u00f5es s\u00e3o realizados em um formato radiof\u00f4nico-virtual onde o [&hellip;]<\/p>\n","protected":false},"author":1,"featured_media":9869,"comment_status":"closed","ping_status":"closed","sticky":false,"template":"","format":"standard","meta":{"footnotes":""},"categories":[218],"tags":[],"class_list":["post-9871","post","type-post","status-publish","format-standard","has-post-thumbnail","hentry","category-noticias-generales-pt"],"lang":"pt","translations":{"pt":9871,"es":9868},"pll_sync_post":[],"post_mailing_queue_ids":[],"_links":{"self":[{"href":"http:\/\/staging.ibermusicas.org\/index.php\/wp-json\/wp\/v2\/posts\/9871","targetHints":{"allow":["GET"]}}],"collection":[{"href":"http:\/\/staging.ibermusicas.org\/index.php\/wp-json\/wp\/v2\/posts"}],"about":[{"href":"http:\/\/staging.ibermusicas.org\/index.php\/wp-json\/wp\/v2\/types\/post"}],"author":[{"embeddable":true,"href":"http:\/\/staging.ibermusicas.org\/index.php\/wp-json\/wp\/v2\/users\/1"}],"replies":[{"embeddable":true,"href":"http:\/\/staging.ibermusicas.org\/index.php\/wp-json\/wp\/v2\/comments?post=9871"}],"version-history":[{"count":1,"href":"http:\/\/staging.ibermusicas.org\/index.php\/wp-json\/wp\/v2\/posts\/9871\/revisions"}],"predecessor-version":[{"id":9872,"href":"http:\/\/staging.ibermusicas.org\/index.php\/wp-json\/wp\/v2\/posts\/9871\/revisions\/9872"}],"wp:featuredmedia":[{"embeddable":true,"href":"http:\/\/staging.ibermusicas.org\/index.php\/wp-json\/wp\/v2\/media\/9869"}],"wp:attachment":[{"href":"http:\/\/staging.ibermusicas.org\/index.php\/wp-json\/wp\/v2\/media?parent=9871"}],"wp:term":[{"taxonomy":"category","embeddable":true,"href":"http:\/\/staging.ibermusicas.org\/index.php\/wp-json\/wp\/v2\/categories?post=9871"},{"taxonomy":"post_tag","embeddable":true,"href":"http:\/\/staging.ibermusicas.org\/index.php\/wp-json\/wp\/v2\/tags?post=9871"}],"curies":[{"name":"wp","href":"https:\/\/api.w.org\/{rel}","templated":true}]}}