{"id":9873,"date":"2021-09-01T18:26:50","date_gmt":"2021-09-01T18:26:50","guid":{"rendered":"http:\/\/staging.ibermusicas.org\/?p=9873"},"modified":"2021-10-04T16:56:40","modified_gmt":"2021-10-04T16:56:40","slug":"a442-red-internacional-de-marimbistas-y-vibrafonistas-realizara-durante-el-mes-de-septiembre-dos-nuevas-emisiones-de-sus-conciertos","status":"publish","type":"post","link":"http:\/\/staging.ibermusicas.org\/index.php\/a442-red-internacional-de-marimbistas-y-vibrafonistas-realizara-durante-el-mes-de-septiembre-dos-nuevas-emisiones-de-sus-conciertos\/","title":{"rendered":"A442, Red Internacional de Marimbistas y Vibrafonistas realizar\u00e1 durante el mes de septiembre dos nuevas emisiones de sus conciertos"},"content":{"rendered":"<p>A442 Red Internacional de Vibrafonistas y Marimbistas es un colectivo de artistas latinoamericanos que a comienzos de esta cuarentena decidieron tejer lazos con el fin de visualizar y difundir a int\u00e9rpretes y compositores latinoamericanos de instrumentos de placas y expandir la audiencia de la m\u00fasica para vibr\u00e1fono y marimba.<\/p>\n<p>A442Red est\u00e1 integrada por artistas de Colombia, Venezuela; Costa Rica, Puerto Rico, Guatemala, Uruguay, Paraguay, Argentina, M\u00e9xico, Ecuador, Chile, Brasil y Estados Unidos.<\/p>\n<p>Edici\u00f3n Nro 13, 11 de septiembre<br \/>\nRosario Archuch (Chile) 19:00 hs. (horario de Argentina)<br \/>\nParalelo 33 (Argentina) 19:25 hs. (horario de Argentina)<br \/>\nMatacebo (Argentina) 19:30 hs. (horario de Argentina)<\/p>\n<p>Edici\u00f3n Nro 14, 25 de septiembre<br \/>\nJuan David Forero Cavidies (Colombia) 19:00 hs. (horario de Argentina)<br \/>\nCuarteto David G\u00f3mez Solana (M\u00e9xico) 19:25 hs. (horario de Argentina)<br \/>\nD\u00fao Clavis (Brasil) 19:50 hs. (horario de Argentina)<\/p>\n","protected":false},"excerpt":{"rendered":"<p>A442 Red Internacional de Vibrafonistas y Marimbistas es un colectivo de artistas latinoamericanos que a comienzos de esta cuarentena decidieron tejer lazos con el fin de visualizar y difundir a int\u00e9rpretes y compositores latinoamericanos de instrumentos de placas y expandir la audiencia de la m\u00fasica para vibr\u00e1fono y marimba. A442Red est\u00e1 integrada por artistas de [&hellip;]<\/p>\n","protected":false},"author":1,"featured_media":9874,"comment_status":"closed","ping_status":"closed","sticky":false,"template":"","format":"standard","meta":{"footnotes":""},"categories":[53],"tags":[],"class_list":["post-9873","post","type-post","status-publish","format-standard","has-post-thumbnail","hentry","category-noticias-generales"],"lang":"es","translations":{"es":9873,"pt":9876},"pll_sync_post":[],"post_mailing_queue_ids":[],"_links":{"self":[{"href":"http:\/\/staging.ibermusicas.org\/index.php\/wp-json\/wp\/v2\/posts\/9873","targetHints":{"allow":["GET"]}}],"collection":[{"href":"http:\/\/staging.ibermusicas.org\/index.php\/wp-json\/wp\/v2\/posts"}],"about":[{"href":"http:\/\/staging.ibermusicas.org\/index.php\/wp-json\/wp\/v2\/types\/post"}],"author":[{"embeddable":true,"href":"http:\/\/staging.ibermusicas.org\/index.php\/wp-json\/wp\/v2\/users\/1"}],"replies":[{"embeddable":true,"href":"http:\/\/staging.ibermusicas.org\/index.php\/wp-json\/wp\/v2\/comments?post=9873"}],"version-history":[{"count":1,"href":"http:\/\/staging.ibermusicas.org\/index.php\/wp-json\/wp\/v2\/posts\/9873\/revisions"}],"predecessor-version":[{"id":9875,"href":"http:\/\/staging.ibermusicas.org\/index.php\/wp-json\/wp\/v2\/posts\/9873\/revisions\/9875"}],"wp:featuredmedia":[{"embeddable":true,"href":"http:\/\/staging.ibermusicas.org\/index.php\/wp-json\/wp\/v2\/media\/9874"}],"wp:attachment":[{"href":"http:\/\/staging.ibermusicas.org\/index.php\/wp-json\/wp\/v2\/media?parent=9873"}],"wp:term":[{"taxonomy":"category","embeddable":true,"href":"http:\/\/staging.ibermusicas.org\/index.php\/wp-json\/wp\/v2\/categories?post=9873"},{"taxonomy":"post_tag","embeddable":true,"href":"http:\/\/staging.ibermusicas.org\/index.php\/wp-json\/wp\/v2\/tags?post=9873"}],"curies":[{"name":"wp","href":"https:\/\/api.w.org\/{rel}","templated":true}]}}