{"id":9876,"date":"2021-09-01T18:27:47","date_gmt":"2021-09-01T18:27:47","guid":{"rendered":"http:\/\/staging.ibermusicas.org\/?p=9876"},"modified":"2021-10-04T17:09:59","modified_gmt":"2021-10-04T17:09:59","slug":"a442-red-internacional-de-marimbistas-y-vibrafonistas-realizara-durante-el-mes-de-septiembre-dos-nuevas-emisiones-de-sus-conciertos-2","status":"publish","type":"post","link":"http:\/\/staging.ibermusicas.org\/index.php\/a442-red-internacional-de-marimbistas-y-vibrafonistas-realizara-durante-el-mes-de-septiembre-dos-nuevas-emisiones-de-sus-conciertos-2\/","title":{"rendered":"A442, Rede Internacional de Marimbistas e Vibrafonistas realizar\u00e1 durante o m\u00eas de setembro duas novas emiss\u00f5es de seus concertos"},"content":{"rendered":"<p>A442 Rede Internacional de Vibrafonistas e Marimbistas \u00e9 um coletivo de artistas latino-americanos que no in\u00edcio desta quarentena decidiram come\u00e7ar a tecer la\u00e7os a fim de visualizar e difundir int\u00e9rpretes e compositores latino-americanos de instrumentos de placas e expandir a audi\u00eancia da m\u00fasica para vibr\u00e1fono e marimba.<\/p>\n<p>A A442Red \u00e9 formada por artistas da Col\u00f4mbia, Venezuela; Costa Rica, Porto Rico, Guatemala, Uruguai, Paraguai, Argentina, M\u00e9xico, Equador, Chile, Brasil e Estados Unidos.<\/p>\n<p>Edi\u00e7\u00e3o Nro 13, 11 de setembro<br \/>\nRosario Archuch (Chile) 19:00 hs. (hor\u00e1rio da Argentina)<br \/>\nParalelo 33 (Argentina) 19:25 hs. (hor\u00e1rio da Argentina)<br \/>\nMatacebo (Argentina) 19:30 hs. (hor\u00e1rio de Argentina)<\/p>\n<p>Edi\u00e7\u00e3o N\u00ba 14, 25 de setembro<br \/>\nJuan David Forero Cavidies (Col\u00f4mbia) 19:00 hs. (hor\u00e1rio da Argentina)<br \/>\nQuarteto David G\u00f3mez Solana (M\u00e9xico) 19:25 hs. (hor\u00e1rio da Argentina)<br \/>\nD\u00fao Clavis (Brasil) 19:50 hs. (hor\u00e1rio da Argentina)<\/p>\n","protected":false},"excerpt":{"rendered":"<p>A442 Rede Internacional de Vibrafonistas e Marimbistas \u00e9 um coletivo de artistas latino-americanos que no in\u00edcio desta quarentena decidiram come\u00e7ar a tecer la\u00e7os a fim de visualizar e difundir int\u00e9rpretes e compositores latino-americanos de instrumentos de placas e expandir a audi\u00eancia da m\u00fasica para vibr\u00e1fono e marimba. A A442Red \u00e9 formada por artistas da Col\u00f4mbia, [&hellip;]<\/p>\n","protected":false},"author":1,"featured_media":9874,"comment_status":"closed","ping_status":"closed","sticky":false,"template":"","format":"standard","meta":{"footnotes":""},"categories":[218],"tags":[],"class_list":["post-9876","post","type-post","status-publish","format-standard","has-post-thumbnail","hentry","category-noticias-generales-pt"],"lang":"pt","translations":{"pt":9876,"es":9873},"pll_sync_post":[],"post_mailing_queue_ids":[],"_links":{"self":[{"href":"http:\/\/staging.ibermusicas.org\/index.php\/wp-json\/wp\/v2\/posts\/9876","targetHints":{"allow":["GET"]}}],"collection":[{"href":"http:\/\/staging.ibermusicas.org\/index.php\/wp-json\/wp\/v2\/posts"}],"about":[{"href":"http:\/\/staging.ibermusicas.org\/index.php\/wp-json\/wp\/v2\/types\/post"}],"author":[{"embeddable":true,"href":"http:\/\/staging.ibermusicas.org\/index.php\/wp-json\/wp\/v2\/users\/1"}],"replies":[{"embeddable":true,"href":"http:\/\/staging.ibermusicas.org\/index.php\/wp-json\/wp\/v2\/comments?post=9876"}],"version-history":[{"count":2,"href":"http:\/\/staging.ibermusicas.org\/index.php\/wp-json\/wp\/v2\/posts\/9876\/revisions"}],"predecessor-version":[{"id":9878,"href":"http:\/\/staging.ibermusicas.org\/index.php\/wp-json\/wp\/v2\/posts\/9876\/revisions\/9878"}],"wp:featuredmedia":[{"embeddable":true,"href":"http:\/\/staging.ibermusicas.org\/index.php\/wp-json\/wp\/v2\/media\/9874"}],"wp:attachment":[{"href":"http:\/\/staging.ibermusicas.org\/index.php\/wp-json\/wp\/v2\/media?parent=9876"}],"wp:term":[{"taxonomy":"category","embeddable":true,"href":"http:\/\/staging.ibermusicas.org\/index.php\/wp-json\/wp\/v2\/categories?post=9876"},{"taxonomy":"post_tag","embeddable":true,"href":"http:\/\/staging.ibermusicas.org\/index.php\/wp-json\/wp\/v2\/tags?post=9876"}],"curies":[{"name":"wp","href":"https:\/\/api.w.org\/{rel}","templated":true}]}}