{"id":9879,"date":"2021-09-01T18:33:28","date_gmt":"2021-09-01T18:33:28","guid":{"rendered":"http:\/\/staging.ibermusicas.org\/?p=9879"},"modified":"2021-10-04T16:56:32","modified_gmt":"2021-10-04T16:56:32","slug":"la-banda-entre-nos-de-panama-lanza-su-nuevo-video-contando-como-invitada-con-lucy-patane-de-argentina","status":"publish","type":"post","link":"http:\/\/staging.ibermusicas.org\/index.php\/la-banda-entre-nos-de-panama-lanza-su-nuevo-video-contando-como-invitada-con-lucy-patane-de-argentina\/","title":{"rendered":"La banda Entre Nos de Panam\u00e1 lanza su nuevo video contando como invitada con Lucy Patan\u00e9 de Argentina"},"content":{"rendered":"<p>La agrupaci\u00f3n paname\u00f1a Entre Nos estren\u00f3 su nuevo sencillo \u201cUna Probada\u201d, que marca un hito en su carrera art\u00edstica al ser su primera colaboraci\u00f3n internacional. La cantautora y multiinstrumentalista argentina Lucy Patan\u00e9 es la invitada de honor en esta producci\u00f3n, quien aport\u00f3 voces y guitarras. La canci\u00f3n fue compuesta por la banda en 2018, pero no fue hasta el 2020 que decidieron darle vida. La banda logr\u00f3 producir este nuevo sencillo que fusiona el jazz y el rock \u2018n roll.<\/p>\n<p>A parte del nuevo sonido que la banda apuesta con esta producci\u00f3n, la particularidad fue el proceso de colaboraci\u00f3n y grabaci\u00f3n completamente virtual desde Panam\u00e1 junto a Lucy en Argentina, comprobando una vez m\u00e1s que la m\u00fasica trasciende fronteras y pandemias.<\/p>\n<p>Ver video en:\u00a0<a href=\"https:\/\/lt.mydplr.com\/cde6af5ae1c053387084d8d6ac128a76-81868bec073b3970fa62af291f12b42d\" target=\"_blank\" rel=\"noopener\" data-saferedirecturl=\"https:\/\/www.google.com\/url?hl=es&amp;q=https:\/\/lt.mydplr.com\/cde6af5ae1c053387084d8d6ac128a76-81868bec073b3970fa62af291f12b42d&amp;source=gmail&amp;ust=1630607532040000&amp;usg=AFQjCNEjF_28_mMWWLomvipGrUVVCBtGWA\">Youtube.com<\/a><\/p>\n","protected":false},"excerpt":{"rendered":"<p>La agrupaci\u00f3n paname\u00f1a Entre Nos estren\u00f3 su nuevo sencillo \u201cUna Probada\u201d, que marca un hito en su carrera art\u00edstica al ser su primera colaboraci\u00f3n internacional. La cantautora y multiinstrumentalista argentina Lucy Patan\u00e9 es la invitada de honor en esta producci\u00f3n, quien aport\u00f3 voces y guitarras. La canci\u00f3n fue compuesta por la banda en 2018, pero [&hellip;]<\/p>\n","protected":false},"author":1,"featured_media":9880,"comment_status":"closed","ping_status":"closed","sticky":false,"template":"","format":"standard","meta":{"footnotes":""},"categories":[53],"tags":[],"class_list":["post-9879","post","type-post","status-publish","format-standard","has-post-thumbnail","hentry","category-noticias-generales"],"lang":"es","translations":{"es":9879,"pt":9882},"pll_sync_post":[],"post_mailing_queue_ids":[],"_links":{"self":[{"href":"http:\/\/staging.ibermusicas.org\/index.php\/wp-json\/wp\/v2\/posts\/9879","targetHints":{"allow":["GET"]}}],"collection":[{"href":"http:\/\/staging.ibermusicas.org\/index.php\/wp-json\/wp\/v2\/posts"}],"about":[{"href":"http:\/\/staging.ibermusicas.org\/index.php\/wp-json\/wp\/v2\/types\/post"}],"author":[{"embeddable":true,"href":"http:\/\/staging.ibermusicas.org\/index.php\/wp-json\/wp\/v2\/users\/1"}],"replies":[{"embeddable":true,"href":"http:\/\/staging.ibermusicas.org\/index.php\/wp-json\/wp\/v2\/comments?post=9879"}],"version-history":[{"count":1,"href":"http:\/\/staging.ibermusicas.org\/index.php\/wp-json\/wp\/v2\/posts\/9879\/revisions"}],"predecessor-version":[{"id":9881,"href":"http:\/\/staging.ibermusicas.org\/index.php\/wp-json\/wp\/v2\/posts\/9879\/revisions\/9881"}],"wp:featuredmedia":[{"embeddable":true,"href":"http:\/\/staging.ibermusicas.org\/index.php\/wp-json\/wp\/v2\/media\/9880"}],"wp:attachment":[{"href":"http:\/\/staging.ibermusicas.org\/index.php\/wp-json\/wp\/v2\/media?parent=9879"}],"wp:term":[{"taxonomy":"category","embeddable":true,"href":"http:\/\/staging.ibermusicas.org\/index.php\/wp-json\/wp\/v2\/categories?post=9879"},{"taxonomy":"post_tag","embeddable":true,"href":"http:\/\/staging.ibermusicas.org\/index.php\/wp-json\/wp\/v2\/tags?post=9879"}],"curies":[{"name":"wp","href":"https:\/\/api.w.org\/{rel}","templated":true}]}}