{"id":9882,"date":"2021-09-01T18:34:36","date_gmt":"2021-09-01T18:34:36","guid":{"rendered":"http:\/\/staging.ibermusicas.org\/?p=9882"},"modified":"2021-10-04T17:09:53","modified_gmt":"2021-10-04T17:09:53","slug":"a-banda-entre-nos-do-panama-lanca-seu-novo-video-contando-como-convidada-com-lucy-patane-da-argentina","status":"publish","type":"post","link":"http:\/\/staging.ibermusicas.org\/index.php\/a-banda-entre-nos-do-panama-lanca-seu-novo-video-contando-como-convidada-com-lucy-patane-da-argentina\/","title":{"rendered":"A banda Entre Nos do Panam\u00e1 lan\u00e7a seu novo v\u00eddeo contando como convidada com Lucy Patan\u00e9 da Argentina"},"content":{"rendered":"<p>O grupo panamenho Entre Nos estreou seu novo single \u00abUma Provada\u00bb, que marca um ponto importante em sua carreira art\u00edstica ao ser sua primeira colabora\u00e7\u00e3o internacional. A cantora e multiinstrumentalista argentina Lucy Patan\u00e9 \u00e9 a convidada de honra nesta produ\u00e7\u00e3o, quem contribuiu com vozes e guitarras. A m\u00fasica foi composta pela banda em 2018, mas n\u00e3o foi at\u00e9 2020 que decidiram dar-lhe vida. A banda conseguiu produzir este novo single que funde jazz e rock n roll.<\/p>\n<p>Al\u00e9m do novo som que a banda aposta com esta produ\u00e7\u00e3o, a particularidade foi o processo de colabora\u00e7\u00e3o e grava\u00e7\u00e3o completamente virtual do Panam\u00e1 junto com Lucy na Argentina, comprovando mais uma vez que a m\u00fasica transcende fronteiras e pandemias.<\/p>\n<p>Ver v\u00eddeo em:\u00a0<a href=\"https:\/\/lt.mydplr.com\/cde6af5ae1c053387084d8d6ac128a76-81868bec073b3970fa62af291f12b42d\" target=\"_blank\" rel=\"noopener\" data-saferedirecturl=\"https:\/\/www.google.com\/url?hl=es&amp;q=https:\/\/lt.mydplr.com\/cde6af5ae1c053387084d8d6ac128a76-81868bec073b3970fa62af291f12b42d&amp;source=gmail&amp;ust=1630607532040000&amp;usg=AFQjCNEjF_28_mMWWLomvipGrUVVCBtGWA\">Youtube.com<\/a><\/p>\n","protected":false},"excerpt":{"rendered":"<p>O grupo panamenho Entre Nos estreou seu novo single \u00abUma Provada\u00bb, que marca um ponto importante em sua carreira art\u00edstica ao ser sua primeira colabora\u00e7\u00e3o internacional. A cantora e multiinstrumentalista argentina Lucy Patan\u00e9 \u00e9 a convidada de honra nesta produ\u00e7\u00e3o, quem contribuiu com vozes e guitarras. A m\u00fasica foi composta pela banda em 2018, mas [&hellip;]<\/p>\n","protected":false},"author":1,"featured_media":9880,"comment_status":"closed","ping_status":"closed","sticky":false,"template":"","format":"standard","meta":{"footnotes":""},"categories":[218],"tags":[],"class_list":["post-9882","post","type-post","status-publish","format-standard","has-post-thumbnail","hentry","category-noticias-generales-pt"],"lang":"pt","translations":{"pt":9882,"es":9879},"pll_sync_post":[],"post_mailing_queue_ids":[],"_links":{"self":[{"href":"http:\/\/staging.ibermusicas.org\/index.php\/wp-json\/wp\/v2\/posts\/9882","targetHints":{"allow":["GET"]}}],"collection":[{"href":"http:\/\/staging.ibermusicas.org\/index.php\/wp-json\/wp\/v2\/posts"}],"about":[{"href":"http:\/\/staging.ibermusicas.org\/index.php\/wp-json\/wp\/v2\/types\/post"}],"author":[{"embeddable":true,"href":"http:\/\/staging.ibermusicas.org\/index.php\/wp-json\/wp\/v2\/users\/1"}],"replies":[{"embeddable":true,"href":"http:\/\/staging.ibermusicas.org\/index.php\/wp-json\/wp\/v2\/comments?post=9882"}],"version-history":[{"count":1,"href":"http:\/\/staging.ibermusicas.org\/index.php\/wp-json\/wp\/v2\/posts\/9882\/revisions"}],"predecessor-version":[{"id":9883,"href":"http:\/\/staging.ibermusicas.org\/index.php\/wp-json\/wp\/v2\/posts\/9882\/revisions\/9883"}],"wp:featuredmedia":[{"embeddable":true,"href":"http:\/\/staging.ibermusicas.org\/index.php\/wp-json\/wp\/v2\/media\/9880"}],"wp:attachment":[{"href":"http:\/\/staging.ibermusicas.org\/index.php\/wp-json\/wp\/v2\/media?parent=9882"}],"wp:term":[{"taxonomy":"category","embeddable":true,"href":"http:\/\/staging.ibermusicas.org\/index.php\/wp-json\/wp\/v2\/categories?post=9882"},{"taxonomy":"post_tag","embeddable":true,"href":"http:\/\/staging.ibermusicas.org\/index.php\/wp-json\/wp\/v2\/tags?post=9882"}],"curies":[{"name":"wp","href":"https:\/\/api.w.org\/{rel}","templated":true}]}}