{"id":9884,"date":"2021-09-01T18:36:22","date_gmt":"2021-09-01T18:36:22","guid":{"rendered":"http:\/\/staging.ibermusicas.org\/?p=9884"},"modified":"2021-10-04T16:56:23","modified_gmt":"2021-10-04T16:56:23","slug":"en-la-ciudad-de-montevideo-uruguay-tendra-lugar-rodamundo-festival-internacional-de-artes-escenicas-para-la-infancia-y-la-adolescencia","status":"publish","type":"post","link":"http:\/\/staging.ibermusicas.org\/index.php\/en-la-ciudad-de-montevideo-uruguay-tendra-lugar-rodamundo-festival-internacional-de-artes-escenicas-para-la-infancia-y-la-adolescencia\/","title":{"rendered":"En la ciudad de Montevideo, Uruguay tendr\u00e1 lugar Rodamundo, Festival Internacional de Artes Esc\u00e9nicas para la Infancia y la Adolescencia"},"content":{"rendered":"<p>El Festival Internacional de Artes Esc\u00e9nicas para la Infancia y la Adolescencia ser\u00e1 un espacio de encuentro, aprendizaje y recreaci\u00f3n.<\/p>\n<p>Rodamundo o nube del desierto es una planta que una vez fructificada, es arrastrada por el viento que la transporta de un sitio a otro haci\u00e9ndola rodar de manera que sus semillas se sueltan, se dispersan y crecen.<\/p>\n<p>Rodamundo nace con la intenci\u00f3n de presentar en Uruguay obras con un alto contenido art\u00edstico enfocadas a un p\u00fablico infantil y adolescente en busca de generar un nuevo espacio en la cartelera de artes esc\u00e9nicas enfocadas para este p\u00fablico y a la vez promover el desarrollo del esp\u00edritu cr\u00edtico, el intercambio y el enriquecimiento cultural, as\u00ed como el desarrollo del sector cultural y las fuentes laborales para artistas y trabajadores. Contar\u00e1 con la presencia de compa\u00f1\u00edas y artistas de Argentina, Chile, Espa\u00f1a, Portugal y Uruguay.<\/p>\n<p>Las propuestas que integrar\u00e1n el festival se dividen en:<\/p>\n<p>\u2022 Espect\u00e1culos esc\u00e9nicos<br \/>\n\u2022 Talleres de formaci\u00f3n para adultos<br \/>\n\u2022 Talleres pr\u00e1cticos para ni\u00f1os, ni\u00f1as y adolescentes<br \/>\n\u2022 Mesas de debate<\/p>\n<p>Del 13 al 26 de septiembre en Sala Zitarrosa, Sala Jorge Lazaroff, Sala Hugo Balzo y Centro Cultural Artesanos, Montevideo, Uruguay.<br \/>\nM\u00e1s informaci\u00f3n en:\u00a0<a href=\"https:\/\/lt.mydplr.com\/44e3c1aadf6672b213571729c2071141-81868bec073b3970fa62af291f12b42d\" target=\"_blank\" rel=\"noopener\" data-saferedirecturl=\"https:\/\/www.google.com\/url?hl=es&amp;q=https:\/\/lt.mydplr.com\/44e3c1aadf6672b213571729c2071141-81868bec073b3970fa62af291f12b42d&amp;source=gmail&amp;ust=1630607532040000&amp;usg=AFQjCNFe5fmvvRJzaFIirph9HkbAYwGfwQ\">www.festivalrodamundo.com<\/a><\/p>\n","protected":false},"excerpt":{"rendered":"<p>El Festival Internacional de Artes Esc\u00e9nicas para la Infancia y la Adolescencia ser\u00e1 un espacio de encuentro, aprendizaje y recreaci\u00f3n. Rodamundo o nube del desierto es una planta que una vez fructificada, es arrastrada por el viento que la transporta de un sitio a otro haci\u00e9ndola rodar de manera que sus semillas se sueltan, se [&hellip;]<\/p>\n","protected":false},"author":1,"featured_media":9885,"comment_status":"closed","ping_status":"closed","sticky":false,"template":"","format":"standard","meta":{"footnotes":""},"categories":[53],"tags":[],"class_list":["post-9884","post","type-post","status-publish","format-standard","has-post-thumbnail","hentry","category-noticias-generales"],"lang":"es","translations":{"es":9884,"pt":9887},"pll_sync_post":[],"post_mailing_queue_ids":[],"_links":{"self":[{"href":"http:\/\/staging.ibermusicas.org\/index.php\/wp-json\/wp\/v2\/posts\/9884","targetHints":{"allow":["GET"]}}],"collection":[{"href":"http:\/\/staging.ibermusicas.org\/index.php\/wp-json\/wp\/v2\/posts"}],"about":[{"href":"http:\/\/staging.ibermusicas.org\/index.php\/wp-json\/wp\/v2\/types\/post"}],"author":[{"embeddable":true,"href":"http:\/\/staging.ibermusicas.org\/index.php\/wp-json\/wp\/v2\/users\/1"}],"replies":[{"embeddable":true,"href":"http:\/\/staging.ibermusicas.org\/index.php\/wp-json\/wp\/v2\/comments?post=9884"}],"version-history":[{"count":1,"href":"http:\/\/staging.ibermusicas.org\/index.php\/wp-json\/wp\/v2\/posts\/9884\/revisions"}],"predecessor-version":[{"id":9886,"href":"http:\/\/staging.ibermusicas.org\/index.php\/wp-json\/wp\/v2\/posts\/9884\/revisions\/9886"}],"wp:featuredmedia":[{"embeddable":true,"href":"http:\/\/staging.ibermusicas.org\/index.php\/wp-json\/wp\/v2\/media\/9885"}],"wp:attachment":[{"href":"http:\/\/staging.ibermusicas.org\/index.php\/wp-json\/wp\/v2\/media?parent=9884"}],"wp:term":[{"taxonomy":"category","embeddable":true,"href":"http:\/\/staging.ibermusicas.org\/index.php\/wp-json\/wp\/v2\/categories?post=9884"},{"taxonomy":"post_tag","embeddable":true,"href":"http:\/\/staging.ibermusicas.org\/index.php\/wp-json\/wp\/v2\/tags?post=9884"}],"curies":[{"name":"wp","href":"https:\/\/api.w.org\/{rel}","templated":true}]}}