{"id":9887,"date":"2021-09-01T18:37:35","date_gmt":"2021-09-01T18:37:35","guid":{"rendered":"http:\/\/staging.ibermusicas.org\/?p=9887"},"modified":"2021-10-04T17:09:48","modified_gmt":"2021-10-04T17:09:48","slug":"na-cidade-de-montevideu-uruguai-tera-lugar-rodamundo-festival-internacional-de-artes-cenicas-para-a-infancia-e-a-adolescencia","status":"publish","type":"post","link":"http:\/\/staging.ibermusicas.org\/index.php\/na-cidade-de-montevideu-uruguai-tera-lugar-rodamundo-festival-internacional-de-artes-cenicas-para-a-infancia-e-a-adolescencia\/","title":{"rendered":"Na cidade de Montevid\u00e9u, Uruguai ter\u00e1 lugar Rodamundo, Festival Internacional de Artes C\u00eanicas para a Inf\u00e2ncia e a Adolesc\u00eancia"},"content":{"rendered":"<p>O Festival Internacional de Artes C\u00eanicas para a Inf\u00e2ncia e a Adolesc\u00eancia ser\u00e1 um espa\u00e7o de encontro, aprendizagem e recrea\u00e7\u00e3o.<\/p>\n<p>Rodamundo ou nuvem do deserto \u00e9 uma planta que uma vez frutificada, \u00e9 arrastada pelo vento que a transporta de um lugar para outro fazendo-a rolar de a forma que as suas sementes se soltam, dispersam e crescem.<\/p>\n<p>Rodamundo nasce com a inten\u00e7\u00e3o de apresentar no Uruguai obras com um alto conte\u00fado art\u00edstico focadas a um p\u00fablico infantil e adolescente em busca de gerar um novo espa\u00e7o na cartela de artes c\u00eanicas voltadas para este p\u00fablico e ao mesmo tempo promover o desenvolvimento do esp\u00edrito cr\u00edtico, o interc\u00e2mbio e o enriquecimento cultural, bem como o desenvolvimento do sector cultural e das fontes de trabalho para artistas e trabalhadores. Contar\u00e1 com a presen\u00e7a de companhias e artistas da Argentina, Chile, Espanha, Portugal e Uruguai.<\/p>\n<p>As propostas que integrar\u00e3o o festival dividem-se em:<\/p>\n<p>\u2022 Espet\u00e1culos de palco<br \/>\n\u2022 Workshops de forma\u00e7\u00e3o para adultos<br \/>\n\u2022 Workshops pr\u00e1ticos para meninos, meninas e adolescentes<br \/>\n\u2022 Mesas de debate<\/p>\n<p>De 13 a 26 de setembro na Sala Zitarrosa, Sala Jorge Lazaroff, Sala Hugo Balzo e Centro Cultural Artes\u00e3os, Montevid\u00e9u, Uruguai.<br \/>\nMais informa\u00e7\u00f5es em:\u00a0<a href=\"https:\/\/lt.mydplr.com\/44e3c1aadf6672b213571729c2071141-81868bec073b3970fa62af291f12b42d\" target=\"_blank\" rel=\"noopener\" data-saferedirecturl=\"https:\/\/www.google.com\/url?hl=es&amp;q=https:\/\/lt.mydplr.com\/44e3c1aadf6672b213571729c2071141-81868bec073b3970fa62af291f12b42d&amp;source=gmail&amp;ust=1630607532040000&amp;usg=AFQjCNFe5fmvvRJzaFIirph9HkbAYwGfwQ\">www.festivalrodamundo.com<\/a><\/p>\n","protected":false},"excerpt":{"rendered":"<p>O Festival Internacional de Artes C\u00eanicas para a Inf\u00e2ncia e a Adolesc\u00eancia ser\u00e1 um espa\u00e7o de encontro, aprendizagem e recrea\u00e7\u00e3o. Rodamundo ou nuvem do deserto \u00e9 uma planta que uma vez frutificada, \u00e9 arrastada pelo vento que a transporta de um lugar para outro fazendo-a rolar de a forma que as suas sementes se soltam, [&hellip;]<\/p>\n","protected":false},"author":1,"featured_media":9885,"comment_status":"closed","ping_status":"closed","sticky":false,"template":"","format":"standard","meta":{"footnotes":""},"categories":[218],"tags":[],"class_list":["post-9887","post","type-post","status-publish","format-standard","has-post-thumbnail","hentry","category-noticias-generales-pt"],"lang":"pt","translations":{"pt":9887,"es":9884},"pll_sync_post":[],"post_mailing_queue_ids":[],"_links":{"self":[{"href":"http:\/\/staging.ibermusicas.org\/index.php\/wp-json\/wp\/v2\/posts\/9887","targetHints":{"allow":["GET"]}}],"collection":[{"href":"http:\/\/staging.ibermusicas.org\/index.php\/wp-json\/wp\/v2\/posts"}],"about":[{"href":"http:\/\/staging.ibermusicas.org\/index.php\/wp-json\/wp\/v2\/types\/post"}],"author":[{"embeddable":true,"href":"http:\/\/staging.ibermusicas.org\/index.php\/wp-json\/wp\/v2\/users\/1"}],"replies":[{"embeddable":true,"href":"http:\/\/staging.ibermusicas.org\/index.php\/wp-json\/wp\/v2\/comments?post=9887"}],"version-history":[{"count":1,"href":"http:\/\/staging.ibermusicas.org\/index.php\/wp-json\/wp\/v2\/posts\/9887\/revisions"}],"predecessor-version":[{"id":9888,"href":"http:\/\/staging.ibermusicas.org\/index.php\/wp-json\/wp\/v2\/posts\/9887\/revisions\/9888"}],"wp:featuredmedia":[{"embeddable":true,"href":"http:\/\/staging.ibermusicas.org\/index.php\/wp-json\/wp\/v2\/media\/9885"}],"wp:attachment":[{"href":"http:\/\/staging.ibermusicas.org\/index.php\/wp-json\/wp\/v2\/media?parent=9887"}],"wp:term":[{"taxonomy":"category","embeddable":true,"href":"http:\/\/staging.ibermusicas.org\/index.php\/wp-json\/wp\/v2\/categories?post=9887"},{"taxonomy":"post_tag","embeddable":true,"href":"http:\/\/staging.ibermusicas.org\/index.php\/wp-json\/wp\/v2\/tags?post=9887"}],"curies":[{"name":"wp","href":"https:\/\/api.w.org\/{rel}","templated":true}]}}