{"id":9889,"date":"2021-09-01T18:38:56","date_gmt":"2021-09-01T18:38:56","guid":{"rendered":"http:\/\/staging.ibermusicas.org\/?p=9889"},"modified":"2021-10-04T16:56:12","modified_gmt":"2021-10-04T16:56:12","slug":"gonzalo-fernandez-zongo-de-galapagos-ecuador-concluyo-su-residencia-creativa-sonidos-de-america-en-imersao-latina-de-belo-horizonte-brasil","status":"publish","type":"post","link":"http:\/\/staging.ibermusicas.org\/index.php\/gonzalo-fernandez-zongo-de-galapagos-ecuador-concluyo-su-residencia-creativa-sonidos-de-america-en-imersao-latina-de-belo-horizonte-brasil\/","title":{"rendered":"Gonzalo Fern\u00e1ndez (Zongo) de Gal\u00e1pagos, Ecuador, concluy\u00f3 su residencia creativa \u201cSonidos de Am\u00e9rica\u201d en Imers\u00e3o Latina de Belo Horizonte, Brasil"},"content":{"rendered":"<p>El proyecto \u201cSonidos de Am\u00e9rica\u201d, investig\u00f3 desde el principio las relaciones musicales consientes e inconscientes entre Ecuador y Brasil. Esta experiencia art\u00edstico cultural deja como aprendizaje una gran hermandad y conexi\u00f3n entre las y los artistas que intervinieron en la misma. Se compartieron charlas, conferencias virtuales, m\u00fasica e historias culturales que resultaron en la creaci\u00f3n de dos canciones: \u201cBomba Brasil \u2013 Equator\u201d (bomba ecuatoriana) y \u201cRosa dos ventos\u201d (samba bossa).<\/p>\n<p>Estos dos sencillos originales reflejan las culturas en sus sonidos, por un lado una bomba ecuatoriana del Valle del Chota, compuesta por gente de Brasil, cantada en portugu\u00e9s y espa\u00f1ol, y tocada por un ecuatoriano, por otra lado una bossa nova samba compuesta por un ecuatoriano y cantada en portugu\u00e9s por artistas brasileros, esta fusi\u00f3n demuestra como se relacionan y fortalecen las culturas latinas as\u00ed como tambi\u00e9n nos ense\u00f1a que las distancias no tienen por qu\u00e9 ser un problema al momento de crear.<\/p>\n<p>Esta fue la primera experiencia de Imers\u00e3o Latina de modo virtual.<\/p>\n<p>Ver video en:\u00a0<a href=\"https:\/\/lt.mydplr.com\/975570df8ff0064a56de5d6ea4efaf11-81868bec073b3970fa62af291f12b42d\" target=\"_blank\" rel=\"noopener\" data-saferedirecturl=\"https:\/\/www.google.com\/url?hl=es&amp;q=https:\/\/lt.mydplr.com\/975570df8ff0064a56de5d6ea4efaf11-81868bec073b3970fa62af291f12b42d&amp;source=gmail&amp;ust=1630607532041000&amp;usg=AFQjCNG7mqOrtDNlJe5aCS-o5dL6RP9Oxw\">youtube.com<\/a><\/p>\n","protected":false},"excerpt":{"rendered":"<p>El proyecto \u201cSonidos de Am\u00e9rica\u201d, investig\u00f3 desde el principio las relaciones musicales consientes e inconscientes entre Ecuador y Brasil. Esta experiencia art\u00edstico cultural deja como aprendizaje una gran hermandad y conexi\u00f3n entre las y los artistas que intervinieron en la misma. Se compartieron charlas, conferencias virtuales, m\u00fasica e historias culturales que resultaron en la creaci\u00f3n [&hellip;]<\/p>\n","protected":false},"author":1,"featured_media":9890,"comment_status":"closed","ping_status":"closed","sticky":false,"template":"","format":"standard","meta":{"footnotes":""},"categories":[53],"tags":[],"class_list":["post-9889","post","type-post","status-publish","format-standard","has-post-thumbnail","hentry","category-noticias-generales"],"lang":"es","translations":{"es":9889,"pt":9892},"pll_sync_post":[],"post_mailing_queue_ids":[],"_links":{"self":[{"href":"http:\/\/staging.ibermusicas.org\/index.php\/wp-json\/wp\/v2\/posts\/9889","targetHints":{"allow":["GET"]}}],"collection":[{"href":"http:\/\/staging.ibermusicas.org\/index.php\/wp-json\/wp\/v2\/posts"}],"about":[{"href":"http:\/\/staging.ibermusicas.org\/index.php\/wp-json\/wp\/v2\/types\/post"}],"author":[{"embeddable":true,"href":"http:\/\/staging.ibermusicas.org\/index.php\/wp-json\/wp\/v2\/users\/1"}],"replies":[{"embeddable":true,"href":"http:\/\/staging.ibermusicas.org\/index.php\/wp-json\/wp\/v2\/comments?post=9889"}],"version-history":[{"count":1,"href":"http:\/\/staging.ibermusicas.org\/index.php\/wp-json\/wp\/v2\/posts\/9889\/revisions"}],"predecessor-version":[{"id":9891,"href":"http:\/\/staging.ibermusicas.org\/index.php\/wp-json\/wp\/v2\/posts\/9889\/revisions\/9891"}],"wp:featuredmedia":[{"embeddable":true,"href":"http:\/\/staging.ibermusicas.org\/index.php\/wp-json\/wp\/v2\/media\/9890"}],"wp:attachment":[{"href":"http:\/\/staging.ibermusicas.org\/index.php\/wp-json\/wp\/v2\/media?parent=9889"}],"wp:term":[{"taxonomy":"category","embeddable":true,"href":"http:\/\/staging.ibermusicas.org\/index.php\/wp-json\/wp\/v2\/categories?post=9889"},{"taxonomy":"post_tag","embeddable":true,"href":"http:\/\/staging.ibermusicas.org\/index.php\/wp-json\/wp\/v2\/tags?post=9889"}],"curies":[{"name":"wp","href":"https:\/\/api.w.org\/{rel}","templated":true}]}}