{"id":9892,"date":"2021-09-01T18:40:02","date_gmt":"2021-09-01T18:40:02","guid":{"rendered":"http:\/\/staging.ibermusicas.org\/?p=9892"},"modified":"2021-10-04T17:09:41","modified_gmt":"2021-10-04T17:09:41","slug":"gonzalo-fernandez-zongo-de-galapagos-equador-concluiu-sua-residencia-criativa-sons-de-america-em-imersao-latina-de-belo-horizonte-brasil","status":"publish","type":"post","link":"http:\/\/staging.ibermusicas.org\/index.php\/gonzalo-fernandez-zongo-de-galapagos-equador-concluiu-sua-residencia-criativa-sons-de-america-em-imersao-latina-de-belo-horizonte-brasil\/","title":{"rendered":"Gonzalo Fern\u00e1ndez (Zongo) de Gal\u00e1pagos, Equador, concluiu sua resid\u00eancia criativa \u00abSons de Am\u00e9rica\u00bb em Imers\u00e3o Latina de Belo Horizonte, Brasil"},"content":{"rendered":"<p>O projeto \u00abSons da Am\u00e9rica\u00bb, investigou desde o in\u00edcio as rela\u00e7\u00f5es musicais conscientes e inconscientes entre Equador e Brasil. Esta experi\u00eancia art\u00edstica e cultural deixa como aprendizagem uma grande fraternidade e conex\u00e3o entre as e os artistas que participaram na mesma. Palestras, confer\u00eancias virtuais, m\u00fasica e hist\u00f3rias culturais foram compartilhadas e resultaram na cria\u00e7\u00e3o de duas m\u00fasicas: \u00abBomba Brasil &#8211; Equator\u00bb (bomba equatoriana) e \u00abRosa dos Ventos\u00bb (samba bossa).<\/p>\n<p>Estas duas m\u00fasicas originais refletem as culturas em seus sons, por um lado uma bomba equatoriana do Vale do Chota, composta por gente do Brasil, cantada em portugu\u00eas e espanhol, e tocada por um equatoriano, por outro lado, uma bossa nova composta por um equatoriano e cantada em portugu\u00eas por artistas brasileiros, esta fus\u00e3o demonstra como as culturas latinas se relacionam e fortalecem, assim como tamb\u00e9m nos ensina que as dist\u00e2ncias n\u00e3o t\u00eam por que ser um problema no momento de criar.<\/p>\n<p>Esta foi a primeira experi\u00eancia do Imers\u00e3o Latina de modo virtual.<\/p>\n<p>Ver v\u00eddeo em:\u00a0<a href=\"https:\/\/lt.mydplr.com\/975570df8ff0064a56de5d6ea4efaf11-81868bec073b3970fa62af291f12b42d\" target=\"_blank\" rel=\"noopener\" data-saferedirecturl=\"https:\/\/www.google.com\/url?hl=es&amp;q=https:\/\/lt.mydplr.com\/975570df8ff0064a56de5d6ea4efaf11-81868bec073b3970fa62af291f12b42d&amp;source=gmail&amp;ust=1630607532041000&amp;usg=AFQjCNG7mqOrtDNlJe5aCS-o5dL6RP9Oxw\">youtube.com<\/a><\/p>\n","protected":false},"excerpt":{"rendered":"<p>O projeto \u00abSons da Am\u00e9rica\u00bb, investigou desde o in\u00edcio as rela\u00e7\u00f5es musicais conscientes e inconscientes entre Equador e Brasil. Esta experi\u00eancia art\u00edstica e cultural deixa como aprendizagem uma grande fraternidade e conex\u00e3o entre as e os artistas que participaram na mesma. Palestras, confer\u00eancias virtuais, m\u00fasica e hist\u00f3rias culturais foram compartilhadas e resultaram na cria\u00e7\u00e3o de [&hellip;]<\/p>\n","protected":false},"author":1,"featured_media":9890,"comment_status":"closed","ping_status":"closed","sticky":false,"template":"","format":"standard","meta":{"footnotes":""},"categories":[218],"tags":[],"class_list":["post-9892","post","type-post","status-publish","format-standard","has-post-thumbnail","hentry","category-noticias-generales-pt"],"lang":"pt","translations":{"pt":9892,"es":9889},"pll_sync_post":[],"post_mailing_queue_ids":[],"_links":{"self":[{"href":"http:\/\/staging.ibermusicas.org\/index.php\/wp-json\/wp\/v2\/posts\/9892","targetHints":{"allow":["GET"]}}],"collection":[{"href":"http:\/\/staging.ibermusicas.org\/index.php\/wp-json\/wp\/v2\/posts"}],"about":[{"href":"http:\/\/staging.ibermusicas.org\/index.php\/wp-json\/wp\/v2\/types\/post"}],"author":[{"embeddable":true,"href":"http:\/\/staging.ibermusicas.org\/index.php\/wp-json\/wp\/v2\/users\/1"}],"replies":[{"embeddable":true,"href":"http:\/\/staging.ibermusicas.org\/index.php\/wp-json\/wp\/v2\/comments?post=9892"}],"version-history":[{"count":1,"href":"http:\/\/staging.ibermusicas.org\/index.php\/wp-json\/wp\/v2\/posts\/9892\/revisions"}],"predecessor-version":[{"id":9893,"href":"http:\/\/staging.ibermusicas.org\/index.php\/wp-json\/wp\/v2\/posts\/9892\/revisions\/9893"}],"wp:featuredmedia":[{"embeddable":true,"href":"http:\/\/staging.ibermusicas.org\/index.php\/wp-json\/wp\/v2\/media\/9890"}],"wp:attachment":[{"href":"http:\/\/staging.ibermusicas.org\/index.php\/wp-json\/wp\/v2\/media?parent=9892"}],"wp:term":[{"taxonomy":"category","embeddable":true,"href":"http:\/\/staging.ibermusicas.org\/index.php\/wp-json\/wp\/v2\/categories?post=9892"},{"taxonomy":"post_tag","embeddable":true,"href":"http:\/\/staging.ibermusicas.org\/index.php\/wp-json\/wp\/v2\/tags?post=9892"}],"curies":[{"name":"wp","href":"https:\/\/api.w.org\/{rel}","templated":true}]}}