{"id":9894,"date":"2021-09-01T18:41:54","date_gmt":"2021-09-01T18:41:54","guid":{"rendered":"http:\/\/staging.ibermusicas.org\/?p=9894"},"modified":"2021-09-01T18:41:54","modified_gmt":"2021-09-01T18:41:54","slug":"la-cantautora-mexicana-gabriela-bernal-realizo-el-concierto-de-cierre-de-su-ciclo-de-talleres-cantame-de-ti-mujeres-creando-musica","status":"publish","type":"post","link":"http:\/\/staging.ibermusicas.org\/index.php\/la-cantautora-mexicana-gabriela-bernal-realizo-el-concierto-de-cierre-de-su-ciclo-de-talleres-cantame-de-ti-mujeres-creando-musica\/","title":{"rendered":"La cantautora mexicana Gabriela Bernal realiz\u00f3 el concierto de cierre de su ciclo de talleres \u201cC\u00e1ntame de Ti &#8211; Mujeres creando m\u00fasica\u201d"},"content":{"rendered":"<p>Durante los \u00faltimos meses Gabriela Bernal, cantautora mexicana, Agustina Paz, cantautora y pianista argentina y Cecilia Di Salvo, musicoterapeuta argentina llevaron adelante \u00abC\u00e1ntame de ti\u00bb, un proyecto que tuvo por objetivo ense\u00f1ar al p\u00fablico a conocerse, estimular la comunicaci\u00f3n y expresar sus emociones a trav\u00e9s de la m\u00fasica y las canciones. Se trat\u00f3 de un ciclo de 8 talleres\/charlas en modalidad virtual impartidas por tres mujeres artistas profesionales en la industria musical.<\/p>\n<p>El 15 de agosto tuvo lugar en Sala Conexzion, Quer\u00e9taro, el show de cierre de los talleres \u00abC\u00e1ntame de t\u00ed\u00bb. Participaron de este concierto: Gabriela Bernal &#8211; cantante y compositora, Cecilia Navarro \u2013 actriz, Luis Marin \u2013 bajo, C\u00e9sar Garc\u00eda \u2013 guitarra, Julio D\u00edaz \u2013 bater\u00eda, Charlos Garc\u00eda &#8211; cantante invitado, Beto G\u00f3mez &#8211; invitado guitarra ac\u00fastica y Blanca Pozos &#8211; dise\u00f1o y arte.<\/p>\n<p>Ver video en:\u00a0<a href=\"https:\/\/lt.mydplr.com\/be9007b406944c973cc9fab87e6ce644-81868bec073b3970fa62af291f12b42d\" target=\"_blank\" rel=\"noopener\" data-saferedirecturl=\"https:\/\/www.google.com\/url?hl=es&amp;q=https:\/\/lt.mydplr.com\/be9007b406944c973cc9fab87e6ce644-81868bec073b3970fa62af291f12b42d&amp;source=gmail&amp;ust=1630607532041000&amp;usg=AFQjCNFNJxE4NyQp83uILXyP_QyXUe3CfA\">Youtube.com<\/a><\/p>\n","protected":false},"excerpt":{"rendered":"<p>Durante los \u00faltimos meses Gabriela Bernal, cantautora mexicana, Agustina Paz, cantautora y pianista argentina y Cecilia Di Salvo, musicoterapeuta argentina llevaron adelante \u00abC\u00e1ntame de ti\u00bb, un proyecto que tuvo por objetivo ense\u00f1ar al p\u00fablico a conocerse, estimular la comunicaci\u00f3n y expresar sus emociones a trav\u00e9s de la m\u00fasica y las canciones. Se trat\u00f3 de un [&hellip;]<\/p>\n","protected":false},"author":1,"featured_media":9895,"comment_status":"closed","ping_status":"closed","sticky":false,"template":"","format":"standard","meta":{"footnotes":""},"categories":[53],"tags":[],"class_list":["post-9894","post","type-post","status-publish","format-standard","has-post-thumbnail","hentry","category-noticias-generales"],"lang":"es","translations":{"es":9894,"pt":9897},"pll_sync_post":[],"post_mailing_queue_ids":[],"_links":{"self":[{"href":"http:\/\/staging.ibermusicas.org\/index.php\/wp-json\/wp\/v2\/posts\/9894","targetHints":{"allow":["GET"]}}],"collection":[{"href":"http:\/\/staging.ibermusicas.org\/index.php\/wp-json\/wp\/v2\/posts"}],"about":[{"href":"http:\/\/staging.ibermusicas.org\/index.php\/wp-json\/wp\/v2\/types\/post"}],"author":[{"embeddable":true,"href":"http:\/\/staging.ibermusicas.org\/index.php\/wp-json\/wp\/v2\/users\/1"}],"replies":[{"embeddable":true,"href":"http:\/\/staging.ibermusicas.org\/index.php\/wp-json\/wp\/v2\/comments?post=9894"}],"version-history":[{"count":1,"href":"http:\/\/staging.ibermusicas.org\/index.php\/wp-json\/wp\/v2\/posts\/9894\/revisions"}],"predecessor-version":[{"id":9896,"href":"http:\/\/staging.ibermusicas.org\/index.php\/wp-json\/wp\/v2\/posts\/9894\/revisions\/9896"}],"wp:featuredmedia":[{"embeddable":true,"href":"http:\/\/staging.ibermusicas.org\/index.php\/wp-json\/wp\/v2\/media\/9895"}],"wp:attachment":[{"href":"http:\/\/staging.ibermusicas.org\/index.php\/wp-json\/wp\/v2\/media?parent=9894"}],"wp:term":[{"taxonomy":"category","embeddable":true,"href":"http:\/\/staging.ibermusicas.org\/index.php\/wp-json\/wp\/v2\/categories?post=9894"},{"taxonomy":"post_tag","embeddable":true,"href":"http:\/\/staging.ibermusicas.org\/index.php\/wp-json\/wp\/v2\/tags?post=9894"}],"curies":[{"name":"wp","href":"https:\/\/api.w.org\/{rel}","templated":true}]}}