{"id":9897,"date":"2021-09-01T18:42:53","date_gmt":"2021-09-01T18:42:53","guid":{"rendered":"http:\/\/staging.ibermusicas.org\/?p=9897"},"modified":"2021-09-01T18:42:53","modified_gmt":"2021-09-01T18:42:53","slug":"a-cantora-mexicana-gabriela-bernal-realizou-o-concerto-de-encerramento-de-seu-ciclo-de-oficinas-cantame-de-ti-mulheres-criando-musica","status":"publish","type":"post","link":"http:\/\/staging.ibermusicas.org\/index.php\/a-cantora-mexicana-gabriela-bernal-realizou-o-concerto-de-encerramento-de-seu-ciclo-de-oficinas-cantame-de-ti-mulheres-criando-musica\/","title":{"rendered":"A cantora mexicana Gabriela Bernal realizou o concerto de encerramento de seu ciclo de oficinas \u00abC\u00e2ntame de Ti &#8211; Mulheres criando m\u00fasica\u00bb"},"content":{"rendered":"<p>Durante os \u00faltimos meses Gabriela Bernal, cantora mexicana, Agustina Paz, cantora e pianista argentina e Cecilia Di Salvo, musicoterapeuta argentina levaram adiante \u00abC\u00e2ntame de ti\u00bb, um projeto que teve por objetivo ensinar ao p\u00fablico a se conhecer, estimular a comunica\u00e7\u00e3o e expressar suas emo\u00e7\u00f5es atrav\u00e9s da m\u00fasica e das can\u00e7\u00f5es. Tratou-se de um ciclo de 8 oficinas\/palestras em modalidade virtual ministradas por tr\u00eas mulheres artistas profissionais na ind\u00fastria musical.<\/p>\n<p>No dia 15 de agosto teve lugar na Sala Conexzion, Quer\u00e9taro, o show de encerramento das oficinas \u00bb C\u00e2ntame de ti\u00bb. Participaram deste concerto: Gabriela Bernal &#8211; cantora e compositora, Cecilia Navarro &#8211; atriz, Luis Marin &#8211; baixo, C\u00e9sar Garc\u00eda &#8211; guitarra, Julio D\u00edaz &#8211; bateria, Charlos Garc\u00eda &#8211; cantor convidado, Beto G\u00f3mez \u2013 convidado em guitarra de cordas de a\u00e7o e Blanca Pozos &#8211; design e arte.<\/p>\n<p>Ver v\u00eddeo em:\u00a0<a href=\"https:\/\/lt.mydplr.com\/be9007b406944c973cc9fab87e6ce644-81868bec073b3970fa62af291f12b42d\" target=\"_blank\" rel=\"noopener\" data-saferedirecturl=\"https:\/\/www.google.com\/url?hl=es&amp;q=https:\/\/lt.mydplr.com\/be9007b406944c973cc9fab87e6ce644-81868bec073b3970fa62af291f12b42d&amp;source=gmail&amp;ust=1630607532041000&amp;usg=AFQjCNFNJxE4NyQp83uILXyP_QyXUe3CfA\">Youtube.com<\/a><\/p>\n","protected":false},"excerpt":{"rendered":"<p>Durante os \u00faltimos meses Gabriela Bernal, cantora mexicana, Agustina Paz, cantora e pianista argentina e Cecilia Di Salvo, musicoterapeuta argentina levaram adiante \u00abC\u00e2ntame de ti\u00bb, um projeto que teve por objetivo ensinar ao p\u00fablico a se conhecer, estimular a comunica\u00e7\u00e3o e expressar suas emo\u00e7\u00f5es atrav\u00e9s da m\u00fasica e das can\u00e7\u00f5es. Tratou-se de um ciclo de [&hellip;]<\/p>\n","protected":false},"author":1,"featured_media":9895,"comment_status":"closed","ping_status":"closed","sticky":false,"template":"","format":"standard","meta":{"footnotes":""},"categories":[218],"tags":[],"class_list":["post-9897","post","type-post","status-publish","format-standard","has-post-thumbnail","hentry","category-noticias-generales-pt"],"lang":"pt","translations":{"pt":9897,"es":9894},"pll_sync_post":[],"post_mailing_queue_ids":[],"_links":{"self":[{"href":"http:\/\/staging.ibermusicas.org\/index.php\/wp-json\/wp\/v2\/posts\/9897","targetHints":{"allow":["GET"]}}],"collection":[{"href":"http:\/\/staging.ibermusicas.org\/index.php\/wp-json\/wp\/v2\/posts"}],"about":[{"href":"http:\/\/staging.ibermusicas.org\/index.php\/wp-json\/wp\/v2\/types\/post"}],"author":[{"embeddable":true,"href":"http:\/\/staging.ibermusicas.org\/index.php\/wp-json\/wp\/v2\/users\/1"}],"replies":[{"embeddable":true,"href":"http:\/\/staging.ibermusicas.org\/index.php\/wp-json\/wp\/v2\/comments?post=9897"}],"version-history":[{"count":1,"href":"http:\/\/staging.ibermusicas.org\/index.php\/wp-json\/wp\/v2\/posts\/9897\/revisions"}],"predecessor-version":[{"id":9898,"href":"http:\/\/staging.ibermusicas.org\/index.php\/wp-json\/wp\/v2\/posts\/9897\/revisions\/9898"}],"wp:featuredmedia":[{"embeddable":true,"href":"http:\/\/staging.ibermusicas.org\/index.php\/wp-json\/wp\/v2\/media\/9895"}],"wp:attachment":[{"href":"http:\/\/staging.ibermusicas.org\/index.php\/wp-json\/wp\/v2\/media?parent=9897"}],"wp:term":[{"taxonomy":"category","embeddable":true,"href":"http:\/\/staging.ibermusicas.org\/index.php\/wp-json\/wp\/v2\/categories?post=9897"},{"taxonomy":"post_tag","embeddable":true,"href":"http:\/\/staging.ibermusicas.org\/index.php\/wp-json\/wp\/v2\/tags?post=9897"}],"curies":[{"name":"wp","href":"https:\/\/api.w.org\/{rel}","templated":true}]}}